{"id":159464,"date":"2026-08-28T08:23:50","date_gmt":"2026-08-28T08:23:50","guid":{"rendered":"https:\/\/www.granapadano.it\/?post_type=article#038;p=159464"},"modified":"2026-08-28T08:27:52","modified_gmt":"2026-08-28T08:27:52","slug":"grana-padano-celebra-i-30-anni-di-festivaletteratura-insieme-a-mantova-e-uniti-da-valori-universali","status":"publish","type":"article","link":"https:\/\/www.granapadano.it\/it-it\/il-mondo-di-grana-padano\/i-nostri-comunicati-stampa\/grana-padano-celebra-i-30-anni-di-festivaletteratura-insieme-a-mantova-e-uniti-da-valori-universali\/","title":{"rendered":"Grana Padano celebra i 30 anni di Festivaletteratura Insieme a Mantova e uniti da valori universali"},"content":{"rendered":"<p>[et_pb_section fb_built=&#8221;1&#8243; fullwidth=&#8221;on&#8221; _builder_version=&#8221;4.19.5&#8243; _module_preset=&#8221;default&#8221; global_colors_info=&#8221;{}&#8221;][et_pb_fullwidth_code _builder_version=&#8221;4.19.5&#8243; _module_preset=&#8221;default&#8221; global_colors_info=&#8221;{}&#8221;][et_pb_section global_module=\"14941 \"][\/et_pb_section][\/et_pb_fullwidth_code][\/et_pb_section][et_pb_section fb_built=&#8221;1&#8243; _builder_version=&#8221;4.19.3&#8243; _module_preset=&#8221;default&#8221; min_height=&#8221;74.9px&#8221; custom_padding=&#8221;||0px||false|false&#8221; global_colors_info=&#8221;{}&#8221;][et_pb_row _builder_version=&#8221;4.19.4&#8243; _module_preset=&#8221;_initial&#8221; min_height=&#8221;40.8px&#8221; custom_padding=&#8221;0px||0px||false|false&#8221; global_colors_info=&#8221;{}&#8221;][et_pb_column type=&#8221;4_4&#8243; _builder_version=&#8221;4.19.4&#8243; _module_preset=&#8221;default&#8221; global_colors_info=&#8221;{}&#8221;][et_pb_code _builder_version=&#8221;4.19.4&#8243; _module_preset=&#8221;default&#8221; min_height=&#8221;0px&#8221; global_colors_info=&#8221;{}&#8221;]<div class=\"breadcrumb\"><a href=\"https:\/\/www.granapadano.it\/it-it\/\">Home<\/a>  <  <\/div>[\/et_pb_code][\/et_pb_column][\/et_pb_row][\/et_pb_section][et_pb_section fb_built=&#8221;1&#8243; _builder_version=&#8221;4.20.0&#8243; _module_preset=&#8221;default&#8221; background_enable_color=&#8221;off&#8221; custom_padding=&#8221;0px||26px||false|false&#8221; global_colors_info=&#8221;{}&#8221;][et_pb_row _builder_version=&#8221;4.19.4&#8243; _module_preset=&#8221;_initial&#8221; max_width=&#8221;90%&#8221; min_height=&#8221;120.5px&#8221; custom_padding=&#8221;||0px|||&#8221; global_colors_info=&#8221;{}&#8221;][et_pb_column type=&#8221;4_4&#8243; _builder_version=&#8221;4.19.4&#8243; _module_preset=&#8221;default&#8221; global_colors_info=&#8221;{}&#8221;][et_pb_post_title meta=&#8221;off&#8221; featured_image=&#8221;off&#8221; _builder_version=&#8221;4.27.6&#8243; _module_preset=&#8221;default&#8221; title_font=&#8221;Merriweather|700|||||||&#8221; title_text_color=&#8221;#000000&#8243; title_font_size=&#8221;56px&#8221; title_line_height=&#8221;62px&#8221; text_orientation=&#8221;center&#8221; custom_padding=&#8221;||||false|false&#8221; title_font_size_tablet=&#8221;56px&#8221; title_font_size_phone=&#8221;36px&#8221; title_font_size_last_edited=&#8221;on|phone&#8221; title_line_height_tablet=&#8221;62px&#8221; title_line_height_phone=&#8221;42px&#8221; title_line_height_last_edited=&#8221;on|desktop&#8221; global_colors_info=&#8221;{}&#8221;][\/et_pb_post_title][\/et_pb_column][\/et_pb_row][et_pb_row column_structure=&#8221;1_4,3_4&#8243; module_class=&#8221;article_dates&#8221; _builder_version=&#8221;4.19.4&#8243; _module_preset=&#8221;_initial&#8221; max_width=&#8221;90%&#8221; custom_padding=&#8221;||6px||false|false&#8221; locked=&#8221;off&#8221; global_colors_info=&#8221;{}&#8221;][et_pb_column type=&#8221;1_4&#8243; _builder_version=&#8221;4.19.3&#8243; _module_preset=&#8221;default&#8221; global_colors_info=&#8221;{}&#8221;][et_pb_text module_class=&#8221;button_look&#8221; _builder_version=&#8221;4.27.6&#8243; _module_preset=&#8221;_initial&#8221; text_font=&#8221;FontPadano-Bold||||||||&#8221; text_text_color=&#8221;#000000&#8243; text_font_size=&#8221;26px&#8221; background_color=&#8221;RGBA(255,255,255,0)&#8221; global_colors_info=&#8221;{}&#8221;]<\/p>\n<p>Festivaletteratura<\/p>\n<p>[\/et_pb_text][\/et_pb_column][et_pb_column type=&#8221;3_4&#8243; _builder_version=&#8221;4.19.4&#8243; _module_preset=&#8221;default&#8221; global_colors_info=&#8221;{}&#8221;][et_pb_text _builder_version=&#8221;4.27.6&#8243; _module_preset=&#8221;_initial&#8221; text_text_color=&#8221;#0f0f0f&#8221; text_font_size=&#8221;26px&#8221; text_line_height=&#8221;31px&#8221; locked=&#8221;off&#8221; global_colors_info=&#8221;{}&#8221;]<\/p>\n<p>28\/08\/2026<\/p>\n<p>[\/et_pb_text][\/et_pb_column][\/et_pb_row][et_pb_row _builder_version=&#8221;4.23.4&#8243; _module_preset=&#8221;_initial&#8221; custom_margin=&#8221;|auto|-27px|auto||&#8221; global_colors_info=&#8221;{}&#8221;][et_pb_column type=&#8221;4_4&#8243; _builder_version=&#8221;4.23.4&#8243; _module_preset=&#8221;default&#8221; global_colors_info=&#8221;{}&#8221;][et_pb_text module_class=&#8221;della_filiera_top_heading_para&#8221; _builder_version=&#8221;4.27.6&#8243; _module_preset=&#8221;_initial&#8221; text_text_color=&#8221;#0f0f0f&#8221; text_font_size=&#8221;18px&#8221; text_line_height=&#8221;26px&#8221; custom_margin=&#8221;0px||||false|false&#8221; custom_padding=&#8221;||||false|false&#8221; locked=&#8221;off&#8221; global_colors_info=&#8221;{}&#8221;]<\/p>\n<p class=\"p1\"><strong>ll Consorzio di Tutela sponsor degli incontri tra lettori e oltre 300 autori<\/strong><br \/><strong><\/strong><\/p>\n<p class=\"p1\"><strong><i>Zaghini: promuoviamo la letteratura e il saper fare di chi crea un\u2019eccellenza<br \/><\/i><\/strong><strong><i>Stand in piazza Sordello, cuore della citt\u00e0 leader di cultura e di produzione<\/i><\/strong><\/p>\n<p class=\"p1\"><i><\/i><\/p>\n<p class=\"p1\">Mantova, 28 agosto 2026 \u2013 Oltre 300 autori sono attesi a Mantova al Festivaletteratura, che celebrer\u00e0 i primi trent\u2019anni. Si consolida cos\u00ec la sua longevit\u00e0 tra i festival letterari italiani promossi e curati da associazioni di lettori per dare la possibilit\u00e0 a migliaia di appassionati di incontrare gli scrittori.<\/p>\n<p class=\"p1\">A celebrare l\u2019anniversario e a rinnovare una collaborazione storica ci sar\u00e0 il Consorzio Tutela Grana Padano, che nel mantovano produce il 30 per cento degli oltre 6 milioni di forme lavorate, confermandolo il formaggio a denominazione d\u2019origine protetta pi\u00f9 consumato nel mondo.<\/p>\n<p class=\"p1\">Punto d\u2019incontro con il pubblico dal 9 al 13 settembre prossimi sar\u00e0 lo spazio allestito dal Consorzio in piazza Sordello, cuore architettonico e storico della citt\u00e0 dei Gonzaga, dove saranno offerti assaggi di Grana Padano DOP e materiale che ne illustrer\u00e0 caratteristiche e qualit\u00e0.<\/p>\n<p class=\"p1\">Il legame tra il Festivaletteratura e il mondo del Grana Padano si fonda da sempre su valori universali. \u201cLa sostenibilit\u00e0 e la difesa dell\u2019ambiente, la tutela del lavoro e la difesa dei diritti, la solidariet\u00e0 con chi si trova in difficolt\u00e0 e la promozione della pace \u2013 sottolinea Renato Zaghini, presidente del Consorzio di Tutela Grana Padano &#8211; sono obiettivi condivisi tra chi promuove la cultura con autori da tutto il mondo e una filiera alimentare che fonda la sua esistenza sulla tutela del prodotto e di chi lo crea, uniti per fare star bene chi li apprezza\u201d<\/p>\n<p>&nbsp;<\/p>\n<p>[\/et_pb_text][\/et_pb_column][\/et_pb_row][\/et_pb_section][et_pb_section fb_built=&#8221;1&#8243; _builder_version=&#8221;4.27.6&#8243; _module_preset=&#8221;default&#8221; global_colors_info=&#8221;{}&#8221;][et_pb_row _builder_version=&#8221;4.27.6&#8243; _module_preset=&#8221;default&#8221; global_colors_info=&#8221;{}&#8221;][et_pb_column type=&#8221;4_4&#8243; _builder_version=&#8221;4.27.6&#8243; _module_preset=&#8221;default&#8221; global_colors_info=&#8221;{}&#8221;][\/et_pb_column][\/et_pb_row][\/et_pb_section]<\/p>\n","protected":false},"excerpt":{"rendered":"<p><div class=\"et_pb_section et_pb_section_1 et_pb_fullwidth_section et_section_regular\" >\n\t\t\t\t\n\t\t\t\t\n\t\t\t\t\n\t\t\t\t\n\t\t\t\t\n\t\t\t\t\n\t\t\t\t<div class=\"et_pb_module et_pb_fullwidth_image et_pb_fullwidth_image_0\">\n\t\t\t\t\n\t\t\t\t\n\t\t\t\t\n\t\t\t\t\n\t\t\t\t<img decoding=\"async\" width=\"1920\" height=\"380\" src=\"https:\/\/granapadano.kleecks-cdn.com\/wp-content\/uploads\/2023\/03\/NotizieSalaStampa-h-1.jpg\" alt=\"\" title=\"NotizieSalaStampa-m\" srcset=\"https:\/\/granapadano.kleecks-cdn.com\/wp-content\/uploads\/2023\/03\/NotizieSalaStampa-h-1.jpg%201920w,%20https:\/granapadano.kleecks-cdn.com\/wp-content\/uploads\/2023\/03\/NotizieSalaStampa-h-1-1280x253.jpg%201280w,%20https:\/granapadano.kleecks-cdn.com\/wp-content\/uploads\/2023\/03\/NotizieSalaStampa-h-1-980x194.jpg%20980w,%20https:\/granapadano.kleecks-cdn.com\/wp-content\/uploads\/2023\/03\/NotizieSalaStampa-h-1-480x95.jpg%20480w\" sizes=\"(min-width: 0px) and (max-width: 480px) 480px, (min-width: 481px) and (max-width: 980px) 980px, (min-width: 981px) and (max-width: 1280px) 1280px, (min-width: 1281px) 1920px, 100vw\" class=\"wp-image-64889\" data-et-multi-view=\"{&quot;schema&quot;:{&quot;attrs&quot;:{&quot;desktop&quot;:{&quot;src&quot;:&quot;https:\\\/\\\/www.granapadano.it\\\/wp-content\\\/uploads\\\/2023\\\/03\\\/NotizieSalaStampa-h-1.jpg&quot;,&quot;alt&quot;:&quot;&quot;,&quot;title&quot;:&quot;NotizieSalaStampa-m&quot;,&quot;class&quot;:&quot;wp-image-64889&quot;,&quot;srcset&quot;:&quot;https:\\\/\\\/www.granapadano.it\\\/wp-content\\\/uploads\\\/2023\\\/03\\\/NotizieSalaStampa-h-1.jpg 1920w, https:\\\/\\\/www.granapadano.it\\\/wp-content\\\/uploads\\\/2023\\\/03\\\/NotizieSalaStampa-h-1-1280x253.jpg 1280w, https:\\\/\\\/www.granapadano.it\\\/wp-content\\\/uploads\\\/2023\\\/03\\\/NotizieSalaStampa-h-1-980x194.jpg 980w, https:\\\/\\\/www.granapadano.it\\\/wp-content\\\/uploads\\\/2023\\\/03\\\/NotizieSalaStampa-h-1-480x95.jpg 480w&quot;,&quot;sizes&quot;:&quot;(min-width: 0px) and (max-width: 480px) 480px, (min-width: 481px) and (max-width: 980px) 980px, (min-width: 981px) and (max-width: 1280px) 1280px, (min-width: 1281px) 1920px, 100vw&quot;},&quot;phone&quot;:{&quot;src&quot;:&quot;https:\\\/\\\/www.granapadano.it\\\/wp-content\\\/uploads\\\/2023\\\/03\\\/NotizieSalaStampa-m-1.jpg&quot;,&quot;srcset&quot;:&quot;https:\\\/\\\/www.granapadano.it\\\/wp-content\\\/uploads\\\/2023\\\/03\\\/NotizieSalaStampa-m-1.jpg 450w, https:\\\/\\\/www.granapadano.it\\\/wp-content\\\/uploads\\\/2023\\\/03\\\/NotizieSalaStampa-m-1-300x133.jpg 300w&quot;,&quot;sizes&quot;:&quot;(max-width: 450px) 100vw, 450px&quot;}}},&quot;slug&quot;:&quot;et_pb_fullwidth_image&quot;}\" \/>\n\t\t\t\n\t\t\t<\/div>\n\t\t\t\t\n\t\t\t\t\n\t\t\t<\/div><div class=\"breadcrumb\"><a href=\"https:\/\/www.granapadano.it\/it-it\/\">Home<\/a>  <  <\/div>Festivaletteratura28\/08\/2026ll Consorzio di Tutela sponsor degli incontri tra lettori e oltre 300 autori Zaghini: promuoviamo la letteratura e il saper fare di chi crea un\u2019eccellenzaStand in piazza Sordello, cuore della citt\u00e0 leader di cultura e di produzione Mantova, 28 agosto 2026 \u2013 Oltre 300 autori sono attesi a Mantova al Festivaletteratura, che celebrer\u00e0 i [&hellip;]<\/p>\n","protected":false},"featured_media":0,"parent":0,"menu_order":229,"template":"","meta":{"_acf_changed":false,"_et_pb_use_builder":"on","_et_pb_old_content":"<p>[et_pb_section fb_built=\"1\" fullwidth=\"on\" _builder_version=\"4.19.5\" _module_preset=\"default\" global_colors_info=\"{}\"][et_pb_fullwidth_code _builder_version=\"4.19.5\" _module_preset=\"default\" global_colors_info=\"{}\"][divi_library_layout id=\"14941\"][\/et_pb_fullwidth_code][\/et_pb_section][et_pb_section fb_built=\"1\" _builder_version=\"4.19.3\" _module_preset=\"default\" min_height=\"74.9px\" custom_padding=\"||0px||false|false\" global_colors_info=\"{}\"][et_pb_row _builder_version=\"4.19.4\" _module_preset=\"_initial\" min_height=\"40.8px\" custom_padding=\"0px||0px||false|false\" global_colors_info=\"{}\"][et_pb_column type=\"4_4\" _builder_version=\"4.19.4\" _module_preset=\"default\" global_colors_info=\"{}\"][et_pb_code _builder_version=\"4.19.4\" _module_preset=\"default\" min_height=\"0px\" global_colors_info=\"{}\"][custom_breadcrumbs][\/et_pb_code][\/et_pb_column][\/et_pb_row][\/et_pb_section][et_pb_section fb_built=\"1\" _builder_version=\"4.20.0\" _module_preset=\"default\" background_enable_color=\"off\" custom_padding=\"0px||26px||false|false\" global_colors_info=\"{}\"][et_pb_row _builder_version=\"4.19.4\" _module_preset=\"_initial\" max_width=\"90%\" min_height=\"120.5px\" custom_padding=\"||0px|||\" global_colors_info=\"{}\"][et_pb_column type=\"4_4\" _builder_version=\"4.19.4\" _module_preset=\"default\" global_colors_info=\"{}\"][et_pb_post_title meta=\"off\" featured_image=\"off\" _builder_version=\"4.21.0\" _module_preset=\"default\" title_font=\"Merriweather|700|||||||\" title_text_color=\"#000000\" title_font_size=\"56px\" title_line_height=\"62px\" text_orientation=\"center\" custom_padding=\"||||false|false\" title_font_size_tablet=\"56px\" title_font_size_phone=\"36px\" title_font_size_last_edited=\"on|phone\" title_line_height_tablet=\"62px\" title_line_height_phone=\"42px\" title_line_height_last_edited=\"on|desktop\" global_colors_info=\"{}\"][\/et_pb_post_title][\/et_pb_column][\/et_pb_row][et_pb_row column_structure=\"1_4,3_4\" module_class=\"article_dates\" _builder_version=\"4.19.4\" _module_preset=\"_initial\" max_width=\"90%\" custom_padding=\"||6px||false|false\" locked=\"off\" global_colors_info=\"{}\"][et_pb_column type=\"1_4\" _builder_version=\"4.19.3\" _module_preset=\"default\" global_colors_info=\"{}\"][et_pb_text module_class=\"button_look\" _builder_version=\"4.27.6\" _module_preset=\"_initial\" text_font=\"FontPadano-Bold||||||||\" text_text_color=\"#000000\" text_font_size=\"26px\" background_color=\"RGBA(255,255,255,0)\" global_colors_info=\"{}\"]<\/p><p>Latte e sistema Grana Padano<\/p><p>[\/et_pb_text][\/et_pb_column][et_pb_column type=\"3_4\" _builder_version=\"4.19.4\" _module_preset=\"default\" global_colors_info=\"{}\"][et_pb_text _builder_version=\"4.27.6\" _module_preset=\"_initial\" text_text_color=\"#0f0f0f\" text_font_size=\"26px\" text_line_height=\"31px\" locked=\"off\" global_colors_info=\"{}\"]<\/p><p>14\/07\/2026<\/p><p>[\/et_pb_text][\/et_pb_column][\/et_pb_row][et_pb_row column_structure=\"3_5,2_5\" _builder_version=\"4.23.4\" _module_preset=\"_initial\" custom_margin=\"|auto|-27px|auto||\" global_colors_info=\"{}\"][et_pb_column type=\"3_5\" _builder_version=\"4.23.4\" _module_preset=\"default\" global_colors_info=\"{}\"][et_pb_text module_class=\"della_filiera_top_heading_para\" _builder_version=\"4.27.6\" _module_preset=\"_initial\" text_text_color=\"#0f0f0f\" text_font_size=\"18px\" text_line_height=\"26px\" custom_margin=\"0px||||false|false\" custom_padding=\"||||false|false\" hover_enabled=\"0\" locked=\"off\" global_colors_info=\"{}\" sticky_enabled=\"0\"]<\/p><p style=\"text-align: justify;\"><strong>Il Direttore Generale del Consorzio del Grana Padano ha ricordato come da oltre vent'anni il tasso di crescita del latte destinato alla DOP superi quello dell'intera produzione nazionale.<\/strong><\/p><p style=\"text-align: justify;\">Il sistema del Grana Padano continua ad assorbire latte e non lo espelle. \u00c8 questo il messaggio che <strong>Stefano Berni<\/strong>, Direttore Generale del Consorzio di Tutela del Grana Padano, pone al centro della sua riflessione sul ruolo della DOP pi\u00f9 consumata in Italia e nel mondo.<\/p><p style=\"text-align: justify;\"><em>\u00abDa oltre vent'anni<\/em> \u2013 afferma <strong>Berni<\/strong> \u2013 <em>il tasso di crescita del latte destinato alla produzione di Grana Padano \u00e8 sistematicamente superiore a quello dell'aumento complessivo della produzione nazionale di materia prima. \u00c8 un dato che non lascia spazio a interpretazioni: i<strong>l sistema del Grana Padano assorbe latte, non lo espelle<\/strong>\u00bb<\/em>.<\/p><p style=\"text-align: justify;\">Secondo Berni, proprio questa capacit\u00e0 di valorizzare una quota crescente di latte \u00e8 la dimostrazione dell'efficacia del Piano produttivo, lo strumento che consente di accompagnare lo sviluppo della DOP senza compromettere gli equilibri di mercato. <em>\u00abGovernare la produzione<\/em> \u2013 ha spiegato \u2013 <em>non significa impedirne la crescita, ma farla sviluppare in modo ordinato e sostenibile, evitando eccessi che finirebbero per ridurre il valore del prodotto\u00bb<\/em>.<\/p><p style=\"text-align: justify;\"><strong>Il latte a Grana Padano la destinazione pi\u00f9 remunerativa d\u2019Europa<\/strong><\/p><p style=\"text-align: justify;\">Il Direttore Generale ha rimarcato anche come la produzione di Grana Padano rappresenti oggi la destinazione economicamente pi\u00f9 remunerativa dell'Unione europea per il latte proveniente da bovine alimentate con insilati, grazie anche al p<strong>rincipio dell'equa correlazione<\/strong> tra il valore del formaggio e il prezzo riconosciuto agli allevatori.<\/p><p>\u00a0<\/p><p>[\/et_pb_text][\/et_pb_column][et_pb_column type=\"2_5\" _builder_version=\"4.23.4\" _module_preset=\"default\" global_colors_info=\"{}\"][et_pb_image src=\"https:\/\/granapadano.kleecks-cdn.com\/wp-content\/uploads\/2026\/07\/Ambra_Mariani_004-scaled.jpg\" title_text=\"CASEIFICIO, LATTE\" align=\"center\" _builder_version=\"4.27.6\" _module_preset=\"default\" width=\"70%\" max_width=\"70%\" module_alignment=\"center\" global_colors_info=\"{}\"][\/et_pb_image][\/et_pb_column][\/et_pb_row][et_pb_row _builder_version=\"4.23.4\" _module_preset=\"_initial\" custom_margin=\"|auto|-27px|auto||\" global_colors_info=\"{}\"][et_pb_column type=\"4_4\" _builder_version=\"4.23.4\" _module_preset=\"default\" global_colors_info=\"{}\"][et_pb_text module_class=\"della_filiera_top_heading_para\" _builder_version=\"4.27.6\" _module_preset=\"_initial\" text_text_color=\"#0f0f0f\" text_font_size=\"18px\" text_line_height=\"26px\" custom_margin=\"0px||||false|false\" custom_padding=\"||||false|false\" hover_enabled=\"0\" locked=\"off\" global_colors_info=\"{}\" sticky_enabled=\"0\"]<\/p><p style=\"text-align: justify;\"><strong>Il Piano produttivo garanzia di equilibro e redditivit\u00e0<\/strong><\/p><p style=\"text-align: justify;\">L'esperienza del 2025 ha dimostrato per\u00f2 quanto sia necessario mantenere sotto controllo la crescita delle produzioni. <em>\u00abL'incremento del 7,7% registrato nell'anno, favorito dalle elevate quotazioni del formaggio, ha, infatti, determinato<\/em> \u2013 ha fatto sapere Berni \u2013 <em>un calo di circa il 20% del prezzo del Grana Padano stagionato nove mesi\u00bb<\/em>.<\/p><p style=\"text-align: justify;\">Una situazione che il Consorzio ha affrontato rafforzando la contribuzione differenziata, acquistando 20mila forme al mese per sette mesi consecutivi e intensificando le attivit\u00e0 promozionali sui mercati italiani ed esteri, consentendo cos\u00ec un recupero delle quotazioni.<\/p><p style=\"text-align: justify;\">Per il 2026 il Direttore Generale prevede una produzione pi\u00f9 contenuta nei mesi estivi rispetto agli incrementi eccezionali registrati nell'estate dello scorso anno, ma <strong>ribadisce che il trend di fondo non cambier\u00e0<\/strong>: <em>\u00abAnche questo biennio 2025-2026 il sistema del Grana Padano continuer\u00e0 ad assorbire una quota di latte superiore rispetto alla crescita complessiva della produzione nazionale\u00bb<\/em>.<\/p><p style=\"text-align: justify;\">Da qui la conclusione: <em>\u00abSe vogliamo che il Grana Padano continui a rappresentare la destinazione economicamente pi\u00f9 vantaggiosa per il latte, dobbiamo proseguire senza esitazioni<\/em> \u2013 ha sottolineato il Direttore Generale \u2013 <em>sulla strada della crescita governata dal Piano produttivo. Solo cos\u00ec sar\u00e0 possibile garantire equilibrio, redditivit\u00e0 e prospettive di sviluppo all'intera filiera\u00bb<\/em>.<\/p><p>[\/et_pb_text][\/et_pb_column][\/et_pb_row][\/et_pb_section]<\/p>","_et_gb_content_width":""},"article_cat":[62],"class_list":["post-159464","article","type-article","status-publish","hentry"],"acf":[],"yoast_head":"<!-- This site is optimized with the Yoast SEO plugin v28.3 - https:\/\/yoast.com\/product\/yoast-seo-wordpress\/ -->\n<title>Grana Padano celebra i 30 anni di Festivaletteratura Insieme a Mantova e uniti da valori universali - Grana Padano<\/title>\n<meta name=\"robots\" content=\"index, follow, max-snippet:-1, max-image-preview:large, max-video-preview:-1\" \/>\n<link rel=\"canonical\" href=\"https:\/\/www.granapadano.it\/it-it\/il-mondo-di-grana-padano\/i-nostri-comunicati-stampa\/grana-padano-celebra-i-30-anni-di-festivaletteratura-insieme-a-mantova-e-uniti-da-valori-universali\/\" \/>\n<meta property=\"og:locale\" content=\"it_IT\" \/>\n<meta property=\"og:type\" content=\"article\" \/>\n<meta property=\"og:title\" content=\"Grana Padano celebra i 30 anni di Festivaletteratura Insieme a Mantova e uniti da valori universali - Grana Padano\" \/>\n<meta property=\"og:description\" content=\"Festivaletteratura28\/08\/2026ll Consorzio di Tutela sponsor degli incontri tra lettori e oltre 300 autori Zaghini: promuoviamo la letteratura e il saper fare di chi crea un\u2019eccellenzaStand in piazza Sordello, cuore della citt\u00e0 leader di cultura e di produzione Mantova, 28 agosto 2026 \u2013 Oltre 300 autori sono attesi a Mantova al Festivaletteratura, che celebrer\u00e0 i [&hellip;]\" \/>\n<meta property=\"og:url\" content=\"https:\/\/www.granapadano.it\/it-it\/il-mondo-di-grana-padano\/i-nostri-comunicati-stampa\/grana-padano-celebra-i-30-anni-di-festivaletteratura-insieme-a-mantova-e-uniti-da-valori-universali\/\" \/>\n<meta property=\"og:site_name\" content=\"Grana Padano\" \/>\n<meta property=\"article:modified_time\" content=\"2026-08-28T08:27:52+00:00\" \/>\n<meta name=\"twitter:card\" content=\"summary_large_image\" \/>\n<meta name=\"twitter:label1\" content=\"Est. reading time\" \/>\n\t<meta name=\"twitter:data1\" content=\"2 minutes\" \/>\n<script type=\"application\/ld+json\" class=\"yoast-schema-graph\">{\"@context\":\"https:\\\/\\\/schema.org\",\"@graph\":[{\"@type\":\"WebPage\",\"@id\":\"https:\\\/\\\/www.granapadano.it\\\/it-it\\\/il-mondo-di-grana-padano\\\/i-nostri-comunicati-stampa\\\/grana-padano-celebra-i-30-anni-di-festivaletteratura-insieme-a-mantova-e-uniti-da-valori-universali\\\/\",\"url\":\"https:\\\/\\\/www.granapadano.it\\\/it-it\\\/il-mondo-di-grana-padano\\\/i-nostri-comunicati-stampa\\\/grana-padano-celebra-i-30-anni-di-festivaletteratura-insieme-a-mantova-e-uniti-da-valori-universali\\\/\",\"name\":\"Grana Padano celebra i 30 anni di Festivaletteratura Insieme a Mantova e uniti da valori universali - Grana Padano\",\"isPartOf\":{\"@id\":\"https:\\\/\\\/www.granapadano.it\\\/it-it\\\/#website\"},\"datePublished\":\"2026-08-28T08:23:50+00:00\",\"dateModified\":\"2026-08-28T08:27:52+00:00\",\"breadcrumb\":{\"@id\":\"https:\\\/\\\/www.granapadano.it\\\/it-it\\\/il-mondo-di-grana-padano\\\/i-nostri-comunicati-stampa\\\/grana-padano-celebra-i-30-anni-di-festivaletteratura-insieme-a-mantova-e-uniti-da-valori-universali\\\/#breadcrumb\"},\"inLanguage\":\"it-it\",\"potentialAction\":[{\"@type\":\"ReadAction\",\"target\":[\"https:\\\/\\\/www.granapadano.it\\\/it-it\\\/il-mondo-di-grana-padano\\\/i-nostri-comunicati-stampa\\\/grana-padano-celebra-i-30-anni-di-festivaletteratura-insieme-a-mantova-e-uniti-da-valori-universali\\\/\"]}]},{\"@type\":\"BreadcrumbList\",\"@id\":\"https:\\\/\\\/www.granapadano.it\\\/it-it\\\/il-mondo-di-grana-padano\\\/i-nostri-comunicati-stampa\\\/grana-padano-celebra-i-30-anni-di-festivaletteratura-insieme-a-mantova-e-uniti-da-valori-universali\\\/#breadcrumb\",\"itemListElement\":[{\"@type\":\"ListItem\",\"position\":1,\"name\":\"Home\",\"item\":\"https:\\\/\\\/www.granapadano.it\\\/it-it\\\/\"},{\"@type\":\"ListItem\",\"position\":2,\"name\":\"Grana Padano celebra i 30 anni di Festivaletteratura Insieme a Mantova e uniti da valori universali\"}]},{\"@type\":\"WebSite\",\"@id\":\"https:\\\/\\\/www.granapadano.it\\\/it-it\\\/#website\",\"url\":\"https:\\\/\\\/www.granapadano.it\\\/it-it\\\/\",\"name\":\"Grana Padano\",\"description\":\"\",\"potentialAction\":[{\"@type\":\"SearchAction\",\"target\":{\"@type\":\"EntryPoint\",\"urlTemplate\":\"https:\\\/\\\/www.granapadano.it\\\/it-it\\\/?s={search_term_string}\"},\"query-input\":{\"@type\":\"PropertyValueSpecification\",\"valueRequired\":true,\"valueName\":\"search_term_string\"}}],\"inLanguage\":\"it-it\"}]}<\/script>\n<!-- \/ Yoast SEO plugin. -->","yoast_head_json":{"title":"Grana Padano celebra i 30 anni di Festivaletteratura Insieme a Mantova e uniti da valori universali - Grana Padano","robots":{"index":"index","follow":"follow","max-snippet":"max-snippet:-1","max-image-preview":"max-image-preview:large","max-video-preview":"max-video-preview:-1"},"canonical":"https:\/\/www.granapadano.it\/it-it\/il-mondo-di-grana-padano\/i-nostri-comunicati-stampa\/grana-padano-celebra-i-30-anni-di-festivaletteratura-insieme-a-mantova-e-uniti-da-valori-universali\/","og_locale":"it_IT","og_type":"article","og_title":"Grana Padano celebra i 30 anni di Festivaletteratura Insieme a Mantova e uniti da valori universali - Grana Padano","og_description":"Festivaletteratura28\/08\/2026ll Consorzio di Tutela sponsor degli incontri tra lettori e oltre 300 autori Zaghini: promuoviamo la letteratura e il saper fare di chi crea un\u2019eccellenzaStand in piazza Sordello, cuore della citt\u00e0 leader di cultura e di produzione Mantova, 28 agosto 2026 \u2013 Oltre 300 autori sono attesi a Mantova al Festivaletteratura, che celebrer\u00e0 i [&hellip;]","og_url":"https:\/\/www.granapadano.it\/it-it\/il-mondo-di-grana-padano\/i-nostri-comunicati-stampa\/grana-padano-celebra-i-30-anni-di-festivaletteratura-insieme-a-mantova-e-uniti-da-valori-universali\/","og_site_name":"Grana Padano","article_modified_time":"2026-08-28T08:27:52+00:00","twitter_card":"summary_large_image","twitter_misc":{"Est. reading time":"2 minutes"},"schema":{"@context":"https:\/\/schema.org","@graph":[{"@type":"WebPage","@id":"https:\/\/www.granapadano.it\/it-it\/il-mondo-di-grana-padano\/i-nostri-comunicati-stampa\/grana-padano-celebra-i-30-anni-di-festivaletteratura-insieme-a-mantova-e-uniti-da-valori-universali\/","url":"https:\/\/www.granapadano.it\/it-it\/il-mondo-di-grana-padano\/i-nostri-comunicati-stampa\/grana-padano-celebra-i-30-anni-di-festivaletteratura-insieme-a-mantova-e-uniti-da-valori-universali\/","name":"Grana Padano celebra i 30 anni di Festivaletteratura Insieme a Mantova e uniti da valori universali - Grana Padano","isPartOf":{"@id":"https:\/\/www.granapadano.it\/it-it\/#website"},"datePublished":"2026-08-28T08:23:50+00:00","dateModified":"2026-08-28T08:27:52+00:00","breadcrumb":{"@id":"https:\/\/www.granapadano.it\/it-it\/il-mondo-di-grana-padano\/i-nostri-comunicati-stampa\/grana-padano-celebra-i-30-anni-di-festivaletteratura-insieme-a-mantova-e-uniti-da-valori-universali\/#breadcrumb"},"inLanguage":"it-it","potentialAction":[{"@type":"ReadAction","target":["https:\/\/www.granapadano.it\/it-it\/il-mondo-di-grana-padano\/i-nostri-comunicati-stampa\/grana-padano-celebra-i-30-anni-di-festivaletteratura-insieme-a-mantova-e-uniti-da-valori-universali\/"]}]},{"@type":"BreadcrumbList","@id":"https:\/\/www.granapadano.it\/it-it\/il-mondo-di-grana-padano\/i-nostri-comunicati-stampa\/grana-padano-celebra-i-30-anni-di-festivaletteratura-insieme-a-mantova-e-uniti-da-valori-universali\/#breadcrumb","itemListElement":[{"@type":"ListItem","position":1,"name":"Home","item":"https:\/\/www.granapadano.it\/it-it\/"},{"@type":"ListItem","position":2,"name":"Grana Padano celebra i 30 anni di Festivaletteratura Insieme a Mantova e uniti da valori universali"}]},{"@type":"WebSite","@id":"https:\/\/www.granapadano.it\/it-it\/#website","url":"https:\/\/www.granapadano.it\/it-it\/","name":"Grana Padano","description":"","potentialAction":[{"@type":"SearchAction","target":{"@type":"EntryPoint","urlTemplate":"https:\/\/www.granapadano.it\/it-it\/?s={search_term_string}"},"query-input":{"@type":"PropertyValueSpecification","valueRequired":true,"valueName":"search_term_string"}}],"inLanguage":"it-it"}]}},"_links":{"self":[{"href":"https:\/\/www.granapadano.it\/it-it\/wp-json\/wp\/v2\/article\/159464","targetHints":{"allow":["GET"]}}],"collection":[{"href":"https:\/\/www.granapadano.it\/it-it\/wp-json\/wp\/v2\/article"}],"about":[{"href":"https:\/\/www.granapadano.it\/it-it\/wp-json\/wp\/v2\/types\/article"}],"version-history":[{"count":3,"href":"https:\/\/www.granapadano.it\/it-it\/wp-json\/wp\/v2\/article\/159464\/revisions"}],"predecessor-version":[{"id":159468,"href":"https:\/\/www.granapadano.it\/it-it\/wp-json\/wp\/v2\/article\/159464\/revisions\/159468"}],"wp:attachment":[{"href":"https:\/\/www.granapadano.it\/it-it\/wp-json\/wp\/v2\/media?parent=159464"}],"wp:term":[{"taxonomy":"article_cat","embeddable":true,"href":"https:\/\/www.granapadano.it\/it-it\/wp-json\/wp\/v2\/article_cat?post=159464"}],"curies":[{"name":"wp","href":"https:\/\/api.w.org\/{rel}","templated":true}]}}