{"id":125850,"date":"2024-10-18T06:57:12","date_gmt":"2024-10-18T06:57:12","guid":{"rendered":"https:\/\/www.granapadano.it\/article\/grana-padano-entra-a-far-parte-di-valored-forte-impegno-su-gender-quality-e-welfare-aziendale-copy\/"},"modified":"2024-10-22T13:41:11","modified_gmt":"2024-10-22T13:41:11","slug":"grana-padano-protagonista-a-parigi","status":"publish","type":"article","link":"https:\/\/www.granapadano.it\/it-it\/il-mondo-di-grana-padano\/i-nostri-comunicati-stampa\/grana-padano-protagonista-a-parigi\/","title":{"rendered":"Grana Padano protagonista a Parigi"},"content":{"rendered":"<p>[et_pb_section fb_built=&#8221;1&#8243; fullwidth=&#8221;on&#8221; _builder_version=&#8221;4.19.5&#8243; _module_preset=&#8221;default&#8221; global_colors_info=&#8221;{}&#8221;][et_pb_fullwidth_code _builder_version=&#8221;4.19.5&#8243; _module_preset=&#8221;default&#8221; global_colors_info=&#8221;{}&#8221;][et_pb_section global_module=\"14941 \"][\/et_pb_section][\/et_pb_fullwidth_code][\/et_pb_section][et_pb_section fb_built=&#8221;1&#8243; _builder_version=&#8221;4.19.3&#8243; _module_preset=&#8221;default&#8221; min_height=&#8221;74.9px&#8221; custom_padding=&#8221;||0px||false|false&#8221; global_colors_info=&#8221;{}&#8221;][et_pb_row _builder_version=&#8221;4.19.4&#8243; _module_preset=&#8221;default&#8221; min_height=&#8221;40.8px&#8221; custom_padding=&#8221;0px||0px||false|false&#8221; global_colors_info=&#8221;{}&#8221;][et_pb_column type=&#8221;4_4&#8243; _builder_version=&#8221;4.19.4&#8243; _module_preset=&#8221;default&#8221; global_colors_info=&#8221;{}&#8221;][et_pb_code _builder_version=&#8221;4.19.4&#8243; _module_preset=&#8221;default&#8221; min_height=&#8221;0px&#8221; global_colors_info=&#8221;{}&#8221;]<div class=\"breadcrumb\"><a href=\"https:\/\/www.granapadano.it\/it-it\/\">Home<\/a>  <  <\/div>[\/et_pb_code][\/et_pb_column][\/et_pb_row][\/et_pb_section][et_pb_section fb_built=&#8221;1&#8243; _builder_version=&#8221;4.20.0&#8243; _module_preset=&#8221;default&#8221; background_enable_color=&#8221;off&#8221; custom_padding=&#8221;0px||26px||false|false&#8221; global_colors_info=&#8221;{}&#8221;][et_pb_row _builder_version=&#8221;4.19.4&#8243; _module_preset=&#8221;default&#8221; max_width=&#8221;90%&#8221; min_height=&#8221;120.5px&#8221; custom_padding=&#8221;||0px|||&#8221; global_colors_info=&#8221;{}&#8221;][et_pb_column type=&#8221;4_4&#8243; _builder_version=&#8221;4.19.4&#8243; _module_preset=&#8221;default&#8221; global_colors_info=&#8221;{}&#8221;][et_pb_post_title meta=&#8221;off&#8221; featured_image=&#8221;off&#8221; _builder_version=&#8221;4.21.0&#8243; _module_preset=&#8221;default&#8221; title_font=&#8221;Merriweather|700|||||||&#8221; title_text_color=&#8221;#000000&#8243; title_font_size=&#8221;56px&#8221; title_line_height=&#8221;62px&#8221; text_orientation=&#8221;center&#8221; custom_padding=&#8221;||||false|false&#8221; title_font_size_tablet=&#8221;56px&#8221; title_font_size_phone=&#8221;36px&#8221; title_font_size_last_edited=&#8221;on|phone&#8221; title_line_height_tablet=&#8221;62px&#8221; title_line_height_phone=&#8221;42px&#8221; title_line_height_last_edited=&#8221;on|desktop&#8221; global_colors_info=&#8221;{}&#8221;][\/et_pb_post_title][\/et_pb_column][\/et_pb_row][et_pb_row column_structure=&#8221;1_4,3_4&#8243; module_class=&#8221;article_dates&#8221; _builder_version=&#8221;4.19.4&#8243; _module_preset=&#8221;default&#8221; max_width=&#8221;90%&#8221; custom_padding=&#8221;||6px||false|false&#8221; locked=&#8221;off&#8221; global_colors_info=&#8221;{}&#8221;][et_pb_column type=&#8221;1_4&#8243; _builder_version=&#8221;4.19.3&#8243; _module_preset=&#8221;default&#8221; global_colors_info=&#8221;{}&#8221;][et_pb_text module_class=&#8221;button_look&#8221; _builder_version=&#8221;4.24.3&#8243; _module_preset=&#8221;default&#8221; text_font=&#8221;FontPadano-Bold||||||||&#8221; text_text_color=&#8221;#000000&#8243; text_font_size=&#8221;26px&#8221; background_color=&#8221;RGBA(255,255,255,0)&#8221; global_colors_info=&#8221;{}&#8221;]<\/p>\n<p>Sial<\/p>\n<p>[\/et_pb_text][\/et_pb_column][et_pb_column type=&#8221;3_4&#8243; _builder_version=&#8221;4.19.4&#8243; _module_preset=&#8221;default&#8221; global_colors_info=&#8221;{}&#8221;][et_pb_text _builder_version=&#8221;4.24.3&#8243; _module_preset=&#8221;default&#8221; text_text_color=&#8221;#0f0f0f&#8221; text_font_size=&#8221;26px&#8221; text_line_height=&#8221;31px&#8221; locked=&#8221;off&#8221; global_colors_info=&#8221;{}&#8221;]<\/p>\n<p>18\/10\/2024<\/p>\n<p>[\/et_pb_text][\/et_pb_column][\/et_pb_row][et_pb_row column_structure=&#8221;1_2,1_2&#8243; _builder_version=&#8221;4.23.4&#8243; _module_preset=&#8221;default&#8221; custom_margin=&#8221;|auto|-27px|auto||&#8221; global_colors_info=&#8221;{}&#8221;][et_pb_column type=&#8221;1_2&#8243; _builder_version=&#8221;4.23.4&#8243; _module_preset=&#8221;default&#8221; global_colors_info=&#8221;{}&#8221;][et_pb_text module_class=&#8221;della_filiera_top_heading_para&#8221; _builder_version=&#8221;4.24.3&#8243; _module_preset=&#8221;default&#8221; text_text_color=&#8221;#0f0f0f&#8221; text_font_size=&#8221;18px&#8221; text_line_height=&#8221;26px&#8221; custom_margin=&#8221;0px||||false|false&#8221; custom_padding=&#8221;||||false|false&#8221; locked=&#8221;off&#8221; global_colors_info=&#8221;{}&#8221;]<\/p>\n<p style=\"text-align: justify;\"><strong>Alla 60\u00b0 edizione del SIAL dal 19 al 23 ottobre.<br \/><em>Stefano Berni: Un appuntamento di grande interesse per il formaggio DOP pi\u00f9 consumato al mondo. Il mercato francese cresce del 7,43 per cento, raggiungendo la quota record di 293.182 forme.<\/em><br \/><\/strong><\/p>\n<p style=\"text-align: justify;\">Desenzano del Garda, 18 ottobre 2024 &#8211; <strong>Dal 19 al 23 ottobre<\/strong> prossimi, il <strong>Consorzio Tutela Grana Padano<\/strong> partecipa alla <strong>SIAL di Parigi<\/strong>, la principale fiera mondiale dell\u2019innovazione alimentare che celebra quest\u2019anno il suo <strong>60\u00b0 anniversario<\/strong>. Attesi oltre 7.500 espositori in rappresentanza di oltre 130 paesi, con una percentuale di visitatori internazionali che arriva ai due terzi delle presenze.<\/p>\n<p style=\"text-align: justify;\">Il formaggio DOP pi\u00f9 consumato al mondo sar\u00e0 presente all\u2019appuntamento nella <strong>collettiva AFIDOP<\/strong> con i Consorzi di Tutela del Taleggio, Asiago, Gorgonzola e Mozzarella di Bufala. Lo stand, pronto ad accogliere decision maker, buyer, ed altri operatori del settore alimentare durante i cinque giorni dell\u2019evento, si estende su una superficie di 165 mq, nel <strong>padiglione 7<\/strong>, <em>stand B 109<\/em>.<br \/>Il programma delle iniziative messe a punto dall\u2019Associazione dei Formaggi DOP italiani, prevede tre giornate orchestrate dal <strong>Brand Ambassador Denny Imbroisi<\/strong> che preparer\u00e0 uno speciale servizio di catering mettendo in evidenza i 5 formaggi in 5 ricette esclusive create appositamente dallo chef all\u2019insegna della vitalit\u00e0 e della convivialit\u00e0.<\/p>\n<p style=\"text-align: justify;\">Il Consorzio Grana Padano, che proporr\u00e0 anche <strong>degustazioni<\/strong> di prodotto nelle stagionature 16 mesi e Riserva Oltre 24 mesi, da sempre considera il Sial un appuntamento di grande interesse, non solo per l\u2019opportunit\u00e0 di incontrare e confrontarsi con numerose realt\u00e0 del comparto lattiero-caseario internazionale, ma anche perch\u00e9, sottolinea il Direttore Generale del Consorzio, <strong>Stefano Berni<\/strong>: <em>\u00abil mercato francese rappresenta una fetta importante delle nostre esportazioni crescite nel 2023 del 7,43 per cento, raggiungendo la quota record di 293.182 forme\u00bb<\/em>.<\/p>\n<p>&nbsp;<\/p>\n<p>[\/et_pb_text][\/et_pb_column][et_pb_column type=&#8221;1_2&#8243; _builder_version=&#8221;4.23.4&#8243; _module_preset=&#8221;default&#8221; global_colors_info=&#8221;{}&#8221;][et_pb_image src=&#8221;https:\/\/www.granapadano.it\/wp-content\/uploads\/2024\/10\/Logo-60-ans-carre-jaune.png&#8221; title_text=&#8221;Logo 60 ans carre\u0301 jaune&#8221; align=&#8221;center&#8221; _builder_version=&#8221;4.24.3&#8243; _module_preset=&#8221;default&#8221; width=&#8221;50%&#8221; max_width=&#8221;50%&#8221; module_alignment=&#8221;center&#8221; global_colors_info=&#8221;{}&#8221;][\/et_pb_image][\/et_pb_column][\/et_pb_row][et_pb_row disabled_on=&#8221;off|off|off&#8221; _builder_version=&#8221;4.21.0&#8243; _module_preset=&#8221;default&#8221; locked=&#8221;off&#8221; global_colors_info=&#8221;{}&#8221;][et_pb_column type=&#8221;4_4&#8243; _builder_version=&#8221;4.21.0&#8243; _module_preset=&#8221;default&#8221; global_colors_info=&#8221;{}&#8221;][et_pb_button button_url=&#8221;https:\/\/www.granapadano.it\/curiosita-ed-eventi\/eventi\/sial-2024\/&#8221; url_new_window=&#8221;on&#8221; button_text=&#8221;Scopri l&#8217;Evento&#8221; button_alignment=&#8221;center&#8221; button_text_last_edited=&#8221;off|desktop&#8221; _builder_version=&#8221;4.24.3&#8243; _module_preset=&#8221;default&#8221; custom_button=&#8221;on&#8221; button_text_size=&#8221;18px&#8221; button_text_color=&#8221;#FFFFFF&#8221; button_bg_color=&#8221;#000000&#8243; button_border_radius=&#8221;50px&#8221; button_font=&#8221;|700|||||||&#8221; button_icon=&#8221;&#x35;||divi||400&#8243; button_on_hover=&#8221;off&#8221; transform_scale=&#8221;80%|80%&#8221; custom_padding=&#8221;|100px||100px|false|false&#8221; global_colors_info=&#8221;{}&#8221; button_text__hover_enabled=&#8221;off|desktop&#8221;][\/et_pb_button][\/et_pb_column][\/et_pb_row][\/et_pb_section]<\/p>\n","protected":false},"excerpt":{"rendered":"<p><div class=\"et_pb_section et_pb_section_1 et_pb_fullwidth_section et_section_regular\" >\n\t\t\t\t\n\t\t\t\t\n\t\t\t\t\n\t\t\t\t\n\t\t\t\t\n\t\t\t\t\n\t\t\t\t<div class=\"et_pb_module et_pb_fullwidth_image et_pb_fullwidth_image_0\">\n\t\t\t\t\n\t\t\t\t\n\t\t\t\t\n\t\t\t\t\n\t\t\t\t<img decoding=\"async\" width=\"1920\" height=\"380\" src=\"https:\/\/granapadano.kleecks-cdn.com\/wp-content\/uploads\/2023\/03\/NotizieSalaStampa-h-1.jpg\" alt=\"\" title=\"NotizieSalaStampa-m\" srcset=\"https:\/\/granapadano.kleecks-cdn.com\/wp-content\/uploads\/2023\/03\/NotizieSalaStampa-h-1.jpg%201920w,%20https:\/granapadano.kleecks-cdn.com\/wp-content\/uploads\/2023\/03\/NotizieSalaStampa-h-1-1280x253.jpg%201280w,%20https:\/granapadano.kleecks-cdn.com\/wp-content\/uploads\/2023\/03\/NotizieSalaStampa-h-1-980x194.jpg%20980w,%20https:\/granapadano.kleecks-cdn.com\/wp-content\/uploads\/2023\/03\/NotizieSalaStampa-h-1-480x95.jpg%20480w\" sizes=\"(min-width: 0px) and (max-width: 480px) 480px, (min-width: 481px) and (max-width: 980px) 980px, (min-width: 981px) and (max-width: 1280px) 1280px, (min-width: 1281px) 1920px, 100vw\" class=\"wp-image-64889\" data-et-multi-view=\"{&quot;schema&quot;:{&quot;attrs&quot;:{&quot;desktop&quot;:{&quot;src&quot;:&quot;https:\\\/\\\/www.granapadano.it\\\/wp-content\\\/uploads\\\/2023\\\/03\\\/NotizieSalaStampa-h-1.jpg&quot;,&quot;alt&quot;:&quot;&quot;,&quot;title&quot;:&quot;NotizieSalaStampa-m&quot;,&quot;class&quot;:&quot;wp-image-64889&quot;,&quot;srcset&quot;:&quot;https:\\\/\\\/www.granapadano.it\\\/wp-content\\\/uploads\\\/2023\\\/03\\\/NotizieSalaStampa-h-1.jpg 1920w, https:\\\/\\\/www.granapadano.it\\\/wp-content\\\/uploads\\\/2023\\\/03\\\/NotizieSalaStampa-h-1-1280x253.jpg 1280w, https:\\\/\\\/www.granapadano.it\\\/wp-content\\\/uploads\\\/2023\\\/03\\\/NotizieSalaStampa-h-1-980x194.jpg 980w, https:\\\/\\\/www.granapadano.it\\\/wp-content\\\/uploads\\\/2023\\\/03\\\/NotizieSalaStampa-h-1-480x95.jpg 480w&quot;,&quot;sizes&quot;:&quot;(min-width: 0px) and (max-width: 480px) 480px, (min-width: 481px) and (max-width: 980px) 980px, (min-width: 981px) and (max-width: 1280px) 1280px, (min-width: 1281px) 1920px, 100vw&quot;},&quot;phone&quot;:{&quot;src&quot;:&quot;https:\\\/\\\/www.granapadano.it\\\/wp-content\\\/uploads\\\/2023\\\/03\\\/NotizieSalaStampa-m-1.jpg&quot;,&quot;srcset&quot;:&quot;https:\\\/\\\/www.granapadano.it\\\/wp-content\\\/uploads\\\/2023\\\/03\\\/NotizieSalaStampa-m-1.jpg 450w, https:\\\/\\\/www.granapadano.it\\\/wp-content\\\/uploads\\\/2023\\\/03\\\/NotizieSalaStampa-m-1-300x133.jpg 300w&quot;,&quot;sizes&quot;:&quot;(max-width: 450px) 100vw, 450px&quot;}}},&quot;slug&quot;:&quot;et_pb_fullwidth_image&quot;}\" \/>\n\t\t\t\n\t\t\t<\/div>\n\t\t\t\t\n\t\t\t\t\n\t\t\t<\/div><div class=\"breadcrumb\"><a href=\"https:\/\/www.granapadano.it\/it-it\/\">Home<\/a>  <  <\/div>Sial18\/10\/2024Alla 60\u00b0 edizione del SIAL dal 19 al 23 ottobre.Stefano Berni: Un appuntamento di grande interesse per il formaggio DOP pi\u00f9 consumato al mondo. Il mercato francese cresce del 7,43 per cento, raggiungendo la quota record di 293.182 forme. Desenzano del Garda, 18 ottobre 2024 &#8211; Dal 19 al 23 ottobre prossimi, il Consorzio [&hellip;]<\/p>\n","protected":false},"featured_media":0,"parent":0,"menu_order":180,"template":"","meta":{"_acf_changed":false,"_et_pb_use_builder":"on","_et_pb_old_content":"","_et_gb_content_width":""},"article_cat":[62],"class_list":["post-125850","article","type-article","status-publish","hentry"],"acf":[],"yoast_head":"<!-- This site is optimized with the Yoast SEO plugin v27.4 - https:\/\/yoast.com\/product\/yoast-seo-wordpress\/ -->\n<title>Grana Padano protagonista a Parigi - Grana Padano<\/title>\n<meta name=\"robots\" content=\"index, follow, max-snippet:-1, max-image-preview:large, max-video-preview:-1\" \/>\n<link rel=\"canonical\" href=\"https:\/\/www.granapadano.it\/it-it\/il-mondo-di-grana-padano\/i-nostri-comunicati-stampa\/grana-padano-protagonista-a-parigi\/\" \/>\n<meta property=\"og:locale\" content=\"it_IT\" \/>\n<meta property=\"og:type\" content=\"article\" \/>\n<meta property=\"og:title\" content=\"Grana Padano protagonista a Parigi - Grana Padano\" \/>\n<meta property=\"og:description\" content=\"Sial18\/10\/2024Alla 60\u00b0 edizione del SIAL dal 19 al 23 ottobre.Stefano Berni: Un appuntamento di grande interesse per il formaggio DOP pi\u00f9 consumato al mondo. Il mercato francese cresce del 7,43 per cento, raggiungendo la quota record di 293.182 forme. Desenzano del Garda, 18 ottobre 2024 - Dal 19 al 23 ottobre prossimi, il Consorzio [&hellip;]\" \/>\n<meta property=\"og:url\" content=\"https:\/\/www.granapadano.it\/it-it\/il-mondo-di-grana-padano\/i-nostri-comunicati-stampa\/grana-padano-protagonista-a-parigi\/\" \/>\n<meta property=\"og:site_name\" content=\"Grana Padano\" \/>\n<meta property=\"article:modified_time\" content=\"2024-10-22T13:41:11+00:00\" \/>\n<meta name=\"twitter:card\" content=\"summary_large_image\" \/>\n<meta name=\"twitter:label1\" content=\"Est. reading time\" \/>\n\t<meta name=\"twitter:data1\" content=\"2 minutes\" \/>\n<script type=\"application\/ld+json\" class=\"yoast-schema-graph\">{\"@context\":\"https:\\\/\\\/schema.org\",\"@graph\":[{\"@type\":\"WebPage\",\"@id\":\"https:\\\/\\\/www.granapadano.it\\\/it-it\\\/il-mondo-di-grana-padano\\\/i-nostri-comunicati-stampa\\\/grana-padano-protagonista-a-parigi\\\/\",\"url\":\"https:\\\/\\\/www.granapadano.it\\\/it-it\\\/il-mondo-di-grana-padano\\\/i-nostri-comunicati-stampa\\\/grana-padano-protagonista-a-parigi\\\/\",\"name\":\"Grana Padano protagonista a Parigi - Grana Padano\",\"isPartOf\":{\"@id\":\"https:\\\/\\\/www.granapadano.it\\\/it-it\\\/#website\"},\"datePublished\":\"2024-10-18T06:57:12+00:00\",\"dateModified\":\"2024-10-22T13:41:11+00:00\",\"breadcrumb\":{\"@id\":\"https:\\\/\\\/www.granapadano.it\\\/it-it\\\/il-mondo-di-grana-padano\\\/i-nostri-comunicati-stampa\\\/grana-padano-protagonista-a-parigi#breadcrumb\"},\"inLanguage\":\"it-it\",\"potentialAction\":[{\"@type\":\"ReadAction\",\"target\":[\"https:\\\/\\\/www.granapadano.it\\\/it-it\\\/il-mondo-di-grana-padano\\\/i-nostri-comunicati-stampa\\\/grana-padano-protagonista-a-parigi\\\/\"]}]},{\"@type\":\"BreadcrumbList\",\"@id\":\"https:\\\/\\\/www.granapadano.it\\\/it-it\\\/il-mondo-di-grana-padano\\\/i-nostri-comunicati-stampa\\\/grana-padano-protagonista-a-parigi#breadcrumb\",\"itemListElement\":[{\"@type\":\"ListItem\",\"position\":1,\"name\":\"Home\",\"item\":\"https:\\\/\\\/www.granapadano.it\\\/it-it\\\/\"},{\"@type\":\"ListItem\",\"position\":2,\"name\":\"Grana Padano protagonista a Parigi\"}]},{\"@type\":\"WebSite\",\"@id\":\"https:\\\/\\\/www.granapadano.it\\\/it-it\\\/#website\",\"url\":\"https:\\\/\\\/www.granapadano.it\\\/it-it\\\/\",\"name\":\"Grana Padano\",\"description\":\"\",\"potentialAction\":[{\"@type\":\"SearchAction\",\"target\":{\"@type\":\"EntryPoint\",\"urlTemplate\":\"https:\\\/\\\/www.granapadano.it\\\/it-it\\\/?s={search_term_string}\"},\"query-input\":{\"@type\":\"PropertyValueSpecification\",\"valueRequired\":true,\"valueName\":\"search_term_string\"}}],\"inLanguage\":\"it-it\"}]}<\/script>\n<!-- \/ Yoast SEO plugin. -->","yoast_head_json":{"title":"Grana Padano protagonista a Parigi - Grana Padano","robots":{"index":"index","follow":"follow","max-snippet":"max-snippet:-1","max-image-preview":"max-image-preview:large","max-video-preview":"max-video-preview:-1"},"canonical":"https:\/\/www.granapadano.it\/it-it\/il-mondo-di-grana-padano\/i-nostri-comunicati-stampa\/grana-padano-protagonista-a-parigi\/","og_locale":"it_IT","og_type":"article","og_title":"Grana Padano protagonista a Parigi - Grana Padano","og_description":"Sial18\/10\/2024Alla 60\u00b0 edizione del SIAL dal 19 al 23 ottobre.Stefano Berni: Un appuntamento di grande interesse per il formaggio DOP pi\u00f9 consumato al mondo. Il mercato francese cresce del 7,43 per cento, raggiungendo la quota record di 293.182 forme. Desenzano del Garda, 18 ottobre 2024 - Dal 19 al 23 ottobre prossimi, il Consorzio [&hellip;]","og_url":"https:\/\/www.granapadano.it\/it-it\/il-mondo-di-grana-padano\/i-nostri-comunicati-stampa\/grana-padano-protagonista-a-parigi\/","og_site_name":"Grana Padano","article_modified_time":"2024-10-22T13:41:11+00:00","twitter_card":"summary_large_image","twitter_misc":{"Est. reading time":"2 minutes"},"schema":{"@context":"https:\/\/schema.org","@graph":[{"@type":"WebPage","@id":"https:\/\/www.granapadano.it\/it-it\/il-mondo-di-grana-padano\/i-nostri-comunicati-stampa\/grana-padano-protagonista-a-parigi\/","url":"https:\/\/www.granapadano.it\/it-it\/il-mondo-di-grana-padano\/i-nostri-comunicati-stampa\/grana-padano-protagonista-a-parigi\/","name":"Grana Padano protagonista a Parigi - Grana Padano","isPartOf":{"@id":"https:\/\/www.granapadano.it\/it-it\/#website"},"datePublished":"2024-10-18T06:57:12+00:00","dateModified":"2024-10-22T13:41:11+00:00","breadcrumb":{"@id":"https:\/\/www.granapadano.it\/it-it\/il-mondo-di-grana-padano\/i-nostri-comunicati-stampa\/grana-padano-protagonista-a-parigi#breadcrumb"},"inLanguage":"it-it","potentialAction":[{"@type":"ReadAction","target":["https:\/\/www.granapadano.it\/it-it\/il-mondo-di-grana-padano\/i-nostri-comunicati-stampa\/grana-padano-protagonista-a-parigi\/"]}]},{"@type":"BreadcrumbList","@id":"https:\/\/www.granapadano.it\/it-it\/il-mondo-di-grana-padano\/i-nostri-comunicati-stampa\/grana-padano-protagonista-a-parigi#breadcrumb","itemListElement":[{"@type":"ListItem","position":1,"name":"Home","item":"https:\/\/www.granapadano.it\/it-it\/"},{"@type":"ListItem","position":2,"name":"Grana Padano protagonista a Parigi"}]},{"@type":"WebSite","@id":"https:\/\/www.granapadano.it\/it-it\/#website","url":"https:\/\/www.granapadano.it\/it-it\/","name":"Grana Padano","description":"","potentialAction":[{"@type":"SearchAction","target":{"@type":"EntryPoint","urlTemplate":"https:\/\/www.granapadano.it\/it-it\/?s={search_term_string}"},"query-input":{"@type":"PropertyValueSpecification","valueRequired":true,"valueName":"search_term_string"}}],"inLanguage":"it-it"}]}},"_links":{"self":[{"href":"https:\/\/www.granapadano.it\/it-it\/wp-json\/wp\/v2\/article\/125850","targetHints":{"allow":["GET"]}}],"collection":[{"href":"https:\/\/www.granapadano.it\/it-it\/wp-json\/wp\/v2\/article"}],"about":[{"href":"https:\/\/www.granapadano.it\/it-it\/wp-json\/wp\/v2\/types\/article"}],"version-history":[{"count":6,"href":"https:\/\/www.granapadano.it\/it-it\/wp-json\/wp\/v2\/article\/125850\/revisions"}],"predecessor-version":[{"id":126093,"href":"https:\/\/www.granapadano.it\/it-it\/wp-json\/wp\/v2\/article\/125850\/revisions\/126093"}],"wp:attachment":[{"href":"https:\/\/www.granapadano.it\/it-it\/wp-json\/wp\/v2\/media?parent=125850"}],"wp:term":[{"taxonomy":"article_cat","embeddable":true,"href":"https:\/\/www.granapadano.it\/it-it\/wp-json\/wp\/v2\/article_cat?post=125850"}],"curies":[{"name":"wp","href":"https:\/\/api.w.org\/{rel}","templated":true}]}}