{"id":59288,"date":"2023-03-05T17:22:07","date_gmt":"2023-03-05T17:22:07","guid":{"rendered":"https:\/\/www.granapadano.it\/article\/grana-padano-celebra-la-ii-edicion-de-la-ruta-del-helado-artesanal-copy\/"},"modified":"2026-03-11T17:13:18","modified_gmt":"2026-03-11T17:13:18","slug":"madrid-acoge-el-primer-festival-de-la-cheesecake-de-grana-padano-durante-todo-el-mes-de-mayo","status":"publish","type":"article","link":"https:\/\/www.granapadano.it\/es\/el-mundo-de-grana-padano\/eventos\/madrid-acoge-el-primer-festival-de-la-cheesecake-de-grana-padano-durante-todo-el-mes-de-mayo\/","title":{"rendered":"Madrid acoge el primer \u2018Festival de la cheesecake de Grana Padano\u2019 durante todo el mes de mayo"},"content":{"rendered":"<p>[et_pb_section fb_built=\u00bb1&#8243; fullwidth=\u00bbon\u00bb _builder_version=\u00bb4.20.4&#8243; _module_preset=\u00bbdefault\u00bb locked=\u00bboff\u00bb global_colors_info=\u00bb{}\u00bb][et_pb_fullwidth_code _builder_version=\u00bb4.24.2&#8243; _module_preset=\u00bbdefault\u00bb hover_enabled=\u00bb0&#8243; global_colors_info=\u00bb{}\u00bb sticky_enabled=\u00bb0&#8243;][et_pb_section global_module=\"114925 \"][\/et_pb_section][\/et_pb_fullwidth_code][\/et_pb_section][et_pb_section fb_built=\u00bb1&#8243; _builder_version=\u00bb4.19.3&#8243; _module_preset=\u00bbdefault\u00bb min_height=\u00bb74.9px\u00bb custom_padding=\u00bb||0px||false|false\u00bb global_colors_info=\u00bb{}\u00bb][et_pb_row _builder_version=\u00bb4.19.4&#8243; _module_preset=\u00bbdefault\u00bb min_height=\u00bb40.8px\u00bb custom_padding=\u00bb0px||0px||false|false\u00bb global_colors_info=\u00bb{}\u00bb][et_pb_column type=\u00bb4_4&#8243; _builder_version=\u00bb4.19.4&#8243; _module_preset=\u00bbdefault\u00bb global_colors_info=\u00bb{}\u00bb][et_pb_code _builder_version=\u00bb4.19.4&#8243; _module_preset=\u00bbdefault\u00bb min_height=\u00bb0px\u00bb global_colors_info=\u00bb{}\u00bb]<div class=\"breadcrumb\"><a href=\"https:\/\/www.granapadano.it\/es\/\">Inicio<\/a>  <  <\/div>[\/et_pb_code][\/et_pb_column][\/et_pb_row][\/et_pb_section][et_pb_section fb_built=\u00bb1&#8243; _builder_version=\u00bb4.20.0&#8243; _module_preset=\u00bbdefault\u00bb background_enable_color=\u00bboff\u00bb custom_padding=\u00bb0px||0px||false|false\u00bb global_colors_info=\u00bb{}\u00bb][et_pb_row _builder_version=\u00bb4.19.4&#8243; _module_preset=\u00bbdefault\u00bb max_width=\u00bb90%\u00bb min_height=\u00bb120.5px\u00bb custom_padding=\u00bb||0px|||\u00bb global_colors_info=\u00bb{}\u00bb][et_pb_column type=\u00bb4_4&#8243; _builder_version=\u00bb4.19.4&#8243; _module_preset=\u00bbdefault\u00bb global_colors_info=\u00bb{}\u00bb][et_pb_post_title meta=\u00bboff\u00bb featured_image=\u00bboff\u00bb _builder_version=\u00bb4.19.5&#8243; _module_preset=\u00bbdefault\u00bb title_font=\u00bbMerriweather|700|||||||\u00bb title_text_color=\u00bb#000000&#8243; title_font_size=\u00bb56px\u00bb title_line_height=\u00bb62px\u00bb text_orientation=\u00bbcenter\u00bb custom_padding=\u00bb||||false|false\u00bb title_font_size_tablet=\u00bb56px\u00bb title_font_size_phone=\u00bb36px\u00bb title_font_size_last_edited=\u00bbon|phone\u00bb title_line_height_tablet=\u00bb62px\u00bb title_line_height_phone=\u00bb42px\u00bb title_line_height_last_edited=\u00bbon|desktop\u00bb global_colors_info=\u00bb{}\u00bb][\/et_pb_post_title][\/et_pb_column][\/et_pb_row][et_pb_row column_structure=\u00bb1_4,3_4&#8243; module_class=\u00bbarticle_dates\u00bb _builder_version=\u00bb4.19.4&#8243; _module_preset=\u00bbdefault\u00bb max_width=\u00bb90%\u00bb custom_padding=\u00bb||6px||false|false\u00bb global_colors_info=\u00bb{}\u00bb][et_pb_column type=\u00bb1_4&#8243; _builder_version=\u00bb4.19.3&#8243; _module_preset=\u00bbdefault\u00bb global_colors_info=\u00bb{}\u00bb][et_pb_text module_class=\u00bbbutton_look\u00bb _builder_version=\u00bb4.20.0&#8243; _module_preset=\u00bbdefault\u00bb text_font=\u00bbFontPadano-Bold||||||||\u00bb text_text_color=\u00bb#000000&#8243; text_font_size=\u00bb26px\u00bb background_color=\u00bbRGBA(255,255,255,0)\u00bb global_colors_info=\u00bb{}\u00bb]<\/p>\n<p>Madrid<\/p>\n<p>[\/et_pb_text][\/et_pb_column][et_pb_column type=\u00bb3_4&#8243; _builder_version=\u00bb4.19.4&#8243; _module_preset=\u00bbdefault\u00bb global_colors_info=\u00bb{}\u00bb][et_pb_text _builder_version=\u00bb4.20.0&#8243; _module_preset=\u00bbdefault\u00bb text_text_color=\u00bb#0f0f0f\u00bb text_font_size=\u00bb26px\u00bb text_line_height=\u00bb31px\u00bb global_colors_info=\u00bb{}\u00bb]<\/p>\n<p>01\/05\/2021 &#8211; 31\/05\/2021<\/p>\n<p>[\/et_pb_text][\/et_pb_column][\/et_pb_row][et_pb_row column_structure=\u00bb2_3,1_3&#8243; _builder_version=\u00bb4.19.4&#8243; _module_preset=\u00bbdefault\u00bb width=\u00bb90.4%\u00bb min_height=\u00bb454.7px\u00bb custom_padding=\u00bb||0px|||\u00bb global_colors_info=\u00bb{}\u00bb][et_pb_column type=\u00bb2_3&#8243; _builder_version=\u00bb4.19.4&#8243; _module_preset=\u00bbdefault\u00bb global_colors_info=\u00bb{}\u00bb][et_pb_text _builder_version=\u00bb4.20.0&#8243; _module_preset=\u00bbdefault\u00bb text_text_color=\u00bb#0f0f0f\u00bb text_font_size=\u00bb21px\u00bb text_line_height=\u00bb30px\u00bb header_font=\u00bbMerriweather||||||||\u00bb header_font_size=\u00bb21px\u00bb header_line_height=\u00bb27px\u00bb width=\u00bb99.9%\u00bb min_height=\u00bb276px\u00bb custom_margin=\u00bb||1px|||\u00bb custom_padding=\u00bb|60px||||\u00bb global_colors_info=\u00bb{}\u00bb]<\/p>\n<p>&#8211; Madrid acoge la primera edici\u00f3n del \u2018Festival de la cheesecake de Grana Padano\u2019, un homenaje a la DOP de quesos m\u00e1s consumida del mundo, de la mano de uno de los postres de la gastronom\u00eda mediterr\u00e1nea por excelencia. Cinco restaurantes de la capital \u2013 Don Giovanni, Brutal Incl\u00e1n Bar, El Perro y la Galleta, El Vel\u00e1zquez 17 y \u00d4ven Mozzarella de Gran V\u00eda 55- realizar\u00e1n su propia versi\u00f3n de la cheesecake utilizando Grana Padano para ello, un postre que estar\u00e1 disponible durante todo el mes de mayo.<\/p>\n<p>&#8211; Para la elaboraci\u00f3n de las tartas de queso la maduraci\u00f3n escogida de Grana Padano es la de m\u00e1s de 12 meses. Esto se debe a su sabor delicado y dulce que la caracteriza, adem\u00e1s de por la cremosidad que posee, necesaria para obtener la textura adecuada para esta elaboraci\u00f3n de reposter\u00eda.<\/p>\n<p>&#8211; Grana Padano DOP es, adem\u00e1s, la Denominaci\u00f3n de Origen de quesos m\u00e1s consumida del mundo siendo Espa\u00f1a el s\u00e9ptimo mercado donde m\u00e1s se comercializa este queso de origen italiano. Se trata de un queso artesanal, libre de gluten y lactosa cuyo proceso de producci\u00f3n lo convierte en un queso apto para el consumo de mujeres embarazadas.<\/p>\n<p>Sernik\u2019, \u2018cheesecake\u2019, \u2018fuwa-fuwa\u2019\u2026 son algunos de los nombres que se le atribuye a la tarta de queso alrededor del mundo. Sus diferentes estilos y texturas guardan un denominador com\u00fan: su origen. Aunque existen diferentes teor\u00edas, todas convergen en que la procedencia de este postre se remonta a la Antigua Grecia.<\/p>\n<p>[\/et_pb_text][\/et_pb_column][et_pb_column type=\u00bb1_3&#8243; _builder_version=\u00bb4.19.4&#8243; _module_preset=\u00bbdefault\u00bb global_colors_info=\u00bb{}\u00bb][et_pb_image src=\u00bbhttps:\/\/www.granapadano.it\/wp-content\/uploads\/2023\/03\/img-interna-3.jpg\u00bb title_text=\u00bbimg interna\u00bb _builder_version=\u00bb4.20.0&#8243; _module_preset=\u00bbdefault\u00bb border_radii=\u00bbon|20px|20px|20px|20px\u00bb global_colors_info=\u00bb{}\u00bb][\/et_pb_image][\/et_pb_column][\/et_pb_row][et_pb_row _builder_version=\u00bb4.20.0&#8243; _module_preset=\u00bbdefault\u00bb custom_padding=\u00bb10px|||||\u00bb global_colors_info=\u00bb{}\u00bb][et_pb_column type=\u00bb4_4&#8243; _builder_version=\u00bb4.20.0&#8243; _module_preset=\u00bbdefault\u00bb global_colors_info=\u00bb{}\u00bb][et_pb_text _builder_version=\u00bb4.20.0&#8243; _module_preset=\u00bbdefault\u00bb text_text_color=\u00bb#0f0f0f\u00bb text_font_size=\u00bb21px\u00bb text_line_height=\u00bb30px\u00bb header_font=\u00bbMerriweather||||||||\u00bb header_font_size=\u00bb21px\u00bb header_line_height=\u00bb27px\u00bb width=\u00bb99.9%\u00bb min_height=\u00bb276px\u00bb custom_margin=\u00bb||1px|||\u00bb custom_padding=\u00bb|4px||||\u00bb global_colors_info=\u00bb{}\u00bb]<\/p>\n<p>La tarta de queso ha formado parte de la cultura mediterr\u00e1nea durante siglos convirti\u00e9ndose, hoy en d\u00eda, en uno de los postres m\u00e1s populares y demandados en todos los rincones del mundo.<br \/>Estos motivos han llevado a Grana Padano, la D.O.P. de quesos m\u00e1s consumida del mundo, a inaugurar el primer \u2018Festival de la cheesecake de Grana Padano\u2019 en Madrid, una fiesta gastron\u00f3mica que busca rendir homenaje a dos iconos de la Dieta Mediterr\u00e1nea &#8211; el queso y su hom\u00f3loga tarta -, adem\u00e1s de resaltar su apoyo a la hosteler\u00eda, uno de los sectores m\u00e1s castigados por la pandemia que, ahora, cumple un a\u00f1o.<br \/>Durante todo el mes de mayo, cinco restaurantes de Madrid homenajear\u00e1n este postre. Y lo har\u00e1n dando una vuelta a la cl\u00e1sica receta europea al sustituir el cl\u00e1sico queso crema por queso Grana Padano. En concreto, ser\u00e1n los restaurantes Don Giovanni, El Perro y La Galleta, Incl\u00e1n Brutal Bar, El Vel\u00e1zquez 17 y Gran V\u00eda 55 (\u00d4ven Mozzarella) los anfitriones de la primera edici\u00f3n de este \u2018Festival de la cheesecake de Grana Padano\u2019, restaurantes que ofrecer\u00e1n durante un mes -desde el 1 de mayo hasta el 31 de mayo- sus versiones de esta singular elaboraci\u00f3n de reposter\u00eda.<br \/>Para la confecci\u00f3n de las cheesecakes, la maduraci\u00f3n del queso Grana Padano escogida es la de m\u00e1s de 12 meses debido al delicado y dulce sabor que la caracteriza. Su aroma suave, que recuerda al de la nata o la leche, y su fina textura resultan ideales para la elaboraci\u00f3n de este postre y conjuga a la perfecci\u00f3n con el aporte de sabor que se espera de esta receta. Asimismo, la cremosidad tan acentuada que dispone esta maduraci\u00f3n resulta clave para la preparaci\u00f3n de esta cheesecake.<\/p>\n<p>Descubrir Madrid gracias a la cheesecake de Grana Padano<br \/>La primera edici\u00f3n del \u2018Festival de la cheesecake de Grana Padano\u2019 lleva al comensal a una ruta alrededor de Madrid que comienza en el barrio de Retiro. En esta \u00e1rea metropolitana, caracterizada por sus cl\u00e1sicos bares y terrazas, adem\u00e1s de por situarse en ella el ic\u00f3nico Parque del Buen Retiro, los madrile\u00f1os podr\u00e1n hacer dos paradas de la ruta. Primero, en Don Giovanni y, segundo, en El Perro y La Galleta. La ruta contin\u00faa en el barrio de Salamanca con El Vel\u00e1zquez 17, mientras que en la zona Centro los restaurantes escogidos por la D.O.P. Grana Padano para este festival han sido Incl\u00e1n Brutal Bar y Gran V\u00eda 55-Oven.<br \/>Situado en el paseo de la Reina Cristina, Don Giovanni est\u00e1 considerado como uno de los mejores restaurantes de comida italiana de Madrid. Su chef, el prestigioso maestro siciliano Andrea Tumbarello, es el encargado de plasmar la dieta y la cultura italiana, algo que consigue gracias a sus exquisitos espaguetis, tagliatelles, pappardelles, linguines, pastas frescas, adem\u00e1s de sus pizzas y postres.<\/p>\n<p>Incl\u00e1n Brutal Bar se sit\u00faa en el hist\u00f3rico callej\u00f3n del Gato, en el que Max Estrella y Don Latino, los personajes de \u2018Luces de Bohemia\u2019, se deformaron delante de los espejos c\u00f3ncavos y convexos. Este establecimiento, que abri\u00f3 sus puertas en 2016, ha modificado su ic\u00f3nica tarta de queso con motivo de la ruta. Referente de la cocina creativa en Madrid, este establecimiento destaca por sus platos internacionales que se presentan ante el comensal en una curiosa y divertida carta que alude al famoso dramaturgo Valle-Incl\u00e1n.<\/p>\n<p>En Claudio Coello 1, se encuentra El Perro y la Galleta. El legado familiar de los Fontaneda marca la historia de este restaurante en donde la tarta de queso de Grana Padano se sirve en formato individual, a modo de tartaletas, y a\u00f1adiendo un toque de Grana Padano. Se trata de un restaurante con tintes victorianos que rinde homenaje a las galletas y a la otra pasi\u00f3n de su due\u00f1o, los perros.<br \/>Por su localizaci\u00f3n en el coraz\u00f3n del barrio de Salamanca y por la internacionalidad de su carta, El Vel\u00e1zquez 17 resulta una apuesta segura para aquel que desee disfrutar de este postre en un ambiente acogedor. Su carta supone una selecci\u00f3n de platos de las mejores gastronom\u00edas del mundo destacando por la calidad de sus materias primas.<\/p>\n<p>El \u2018Festival de la cheesecake de Grana Padano\u2019 concluye en Gran V\u00eda 55, concretamente, su restaurante \u00d4ven Mozzarella. Este espacio forma parte de los 1.300 metros cuadrados en los que el Grupo Con Fuego presenta cuatro conceptos gastron\u00f3micos diferentes en plena calle Gran V\u00eda de Madrid. Oven Mozzarella ofrece a los amantes de la cocina italiana este postre elaborado con Grana Padano con el que endulzar el paladar tras disfrutar de las burratas, pastas y pizzas que distinguen al restaurante.<\/p>\n<p>[\/et_pb_text][\/et_pb_column][\/et_pb_row][\/et_pb_section]<\/p>\n","protected":false},"excerpt":{"rendered":"<p><div class=\"et_pb_section et_pb_section_1 et_pb_fullwidth_section et_section_regular\" >\n\t\t\t\t\n\t\t\t\t\n\t\t\t\t\n\t\t\t\t\n\t\t\t\t\n\t\t\t\t\n\t\t\t\t<div class=\"et_pb_module et_pb_fullwidth_image et_pb_fullwidth_image_0\">\n\t\t\t\t\n\t\t\t\t\n\t\t\t\t\n\t\t\t\t\n\t\t\t\t<img decoding=\"async\" width=\"1920\" height=\"380\" src=\"https:\/\/granapadano.kleecks-cdn.com\/wp-content\/uploads\/2023\/03\/Visore-Eventi-h-1.jpg\" alt=\"\" title=\"Visore-Eventi-m\" srcset=\"https:\/\/granapadano.kleecks-cdn.com\/wp-content\/uploads\/2023\/03\/Visore-Eventi-h-1.jpg%201920w,%20https:\/granapadano.kleecks-cdn.com\/wp-content\/uploads\/2023\/03\/Visore-Eventi-h-1-1280x253.jpg%201280w,%20https:\/granapadano.kleecks-cdn.com\/wp-content\/uploads\/2023\/03\/Visore-Eventi-h-1-980x194.jpg%20980w,%20https:\/granapadano.kleecks-cdn.com\/wp-content\/uploads\/2023\/03\/Visore-Eventi-h-1-480x95.jpg%20480w\" sizes=\"(min-width: 0px) and (max-width: 480px) 480px, (min-width: 481px) and (max-width: 980px) 980px, (min-width: 981px) and (max-width: 1280px) 1280px, (min-width: 1281px) 1920px, 100vw\" class=\"wp-image-68308\" data-et-multi-view=\"{&quot;schema&quot;:{&quot;attrs&quot;:{&quot;desktop&quot;:{&quot;src&quot;:&quot;https:\\\/\\\/www.granapadano.it\\\/wp-content\\\/uploads\\\/2023\\\/03\\\/Visore-Eventi-h-1.jpg&quot;,&quot;alt&quot;:&quot;&quot;,&quot;title&quot;:&quot;Visore-Eventi-m&quot;,&quot;class&quot;:&quot;wp-image-68308&quot;,&quot;srcset&quot;:&quot;https:\\\/\\\/www.granapadano.it\\\/wp-content\\\/uploads\\\/2023\\\/03\\\/Visore-Eventi-h-1.jpg 1920w, https:\\\/\\\/www.granapadano.it\\\/wp-content\\\/uploads\\\/2023\\\/03\\\/Visore-Eventi-h-1-1280x253.jpg 1280w, https:\\\/\\\/www.granapadano.it\\\/wp-content\\\/uploads\\\/2023\\\/03\\\/Visore-Eventi-h-1-980x194.jpg 980w, https:\\\/\\\/www.granapadano.it\\\/wp-content\\\/uploads\\\/2023\\\/03\\\/Visore-Eventi-h-1-480x95.jpg 480w&quot;,&quot;sizes&quot;:&quot;(min-width: 0px) and (max-width: 480px) 480px, (min-width: 481px) and (max-width: 980px) 980px, (min-width: 981px) and (max-width: 1280px) 1280px, (min-width: 1281px) 1920px, 100vw&quot;},&quot;phone&quot;:{&quot;src&quot;:&quot;https:\\\/\\\/www.granapadano.it\\\/wp-content\\\/uploads\\\/2023\\\/03\\\/Visore-Eventi-m-1.jpg&quot;,&quot;srcset&quot;:&quot;https:\\\/\\\/www.granapadano.it\\\/wp-content\\\/uploads\\\/2023\\\/03\\\/Visore-Eventi-m-1.jpg 450w, https:\\\/\\\/www.granapadano.it\\\/wp-content\\\/uploads\\\/2023\\\/03\\\/Visore-Eventi-m-1-300x133.jpg 300w&quot;,&quot;sizes&quot;:&quot;(max-width: 450px) 100vw, 450px&quot;}}},&quot;slug&quot;:&quot;et_pb_fullwidth_image&quot;}\" \/>\n\t\t\t\n\t\t\t<\/div>\n\t\t\t\t\n\t\t\t\t\n\t\t\t<\/div><div class=\"breadcrumb\"><a href=\"https:\/\/www.granapadano.it\/es\/\">Inicio<\/a>  <  <\/div>Madrid01\/05\/2021 &#8211; 31\/05\/2021- Madrid acoge la primera edici\u00f3n del \u2018Festival de la cheesecake de Grana Padano\u2019, un homenaje a la DOP de quesos m\u00e1s consumida del mundo, de la mano de uno de los postres de la gastronom\u00eda mediterr\u00e1nea por excelencia. Cinco restaurantes de la capital \u2013 Don Giovanni, Brutal Incl\u00e1n Bar, El Perro [&hellip;]<\/p>\n","protected":false},"featured_media":59290,"parent":0,"menu_order":446,"template":"","meta":{"_acf_changed":false,"_et_pb_use_builder":"on","_et_pb_old_content":"","_et_gb_content_width":""},"article_cat":[2982],"class_list":["post-59288","article","type-article","status-publish","has-post-thumbnail","hentry"],"acf":[],"yoast_head":"<!-- This site is optimized with the Yoast SEO plugin v27.4 - https:\/\/yoast.com\/product\/yoast-seo-wordpress\/ -->\n<title>Madrid acoge el primer \u2018Festival de la cheesecake de Grana Padano\u2019 durante todo el mes de mayo - Grana Padano<\/title>\n<meta name=\"robots\" content=\"index, follow, max-snippet:-1, max-image-preview:large, max-video-preview:-1\" \/>\n<link rel=\"canonical\" href=\"https:\/\/www.granapadano.it\/es\/el-mundo-de-grana-padano\/eventos\/madrid-acoge-el-primer-festival-de-la-cheesecake-de-grana-padano-durante-todo-el-mes-de-mayo\/\" \/>\n<meta property=\"og:locale\" content=\"es_ES\" \/>\n<meta property=\"og:type\" content=\"article\" \/>\n<meta property=\"og:title\" content=\"Madrid acoge el primer \u2018Festival de la cheesecake de Grana Padano\u2019 durante todo el mes de mayo - Grana Padano\" \/>\n<meta property=\"og:description\" content=\"Madrid01\/05\/2021 - 31\/05\/2021- Madrid acoge la primera edici\u00f3n del \u2018Festival de la cheesecake de Grana Padano\u2019, un homenaje a la DOP de quesos m\u00e1s consumida del mundo, de la mano de uno de los postres de la gastronom\u00eda mediterr\u00e1nea por excelencia. Cinco restaurantes de la capital \u2013 Don Giovanni, Brutal Incl\u00e1n Bar, El Perro [&hellip;]\" \/>\n<meta property=\"og:url\" content=\"https:\/\/www.granapadano.it\/es\/el-mundo-de-grana-padano\/eventos\/madrid-acoge-el-primer-festival-de-la-cheesecake-de-grana-padano-durante-todo-el-mes-de-mayo\/\" \/>\n<meta property=\"og:site_name\" content=\"Grana Padano\" \/>\n<meta property=\"article:modified_time\" content=\"2026-03-11T17:13:18+00:00\" \/>\n<meta property=\"og:image\" content=\"https:\/\/granapadano.kleecks-cdn.com\/wp-content\/uploads\/2023\/03\/thumb-3.jpg\" \/>\n\t<meta property=\"og:image:width\" content=\"600\" \/>\n\t<meta property=\"og:image:height\" content=\"306\" \/>\n\t<meta property=\"og:image:type\" content=\"image\/jpeg\" \/>\n<meta name=\"twitter:card\" content=\"summary_large_image\" \/>\n<meta name=\"twitter:label1\" content=\"Tiempo de lectura\" \/>\n\t<meta name=\"twitter:data1\" content=\"1 minuto\" \/>\n<script type=\"application\/ld+json\" class=\"yoast-schema-graph\">{\"@context\":\"https:\\\/\\\/schema.org\",\"@graph\":[{\"@type\":\"WebPage\",\"@id\":\"https:\\\/\\\/www.granapadano.it\\\/es\\\/el-mundo-de-grana-padano\\\/eventos\\\/madrid-acoge-el-primer-festival-de-la-cheesecake-de-grana-padano-durante-todo-el-mes-de-mayo\\\/\",\"url\":\"https:\\\/\\\/www.granapadano.it\\\/es\\\/el-mundo-de-grana-padano\\\/eventos\\\/madrid-acoge-el-primer-festival-de-la-cheesecake-de-grana-padano-durante-todo-el-mes-de-mayo\\\/\",\"name\":\"Madrid acoge el primer \u2018Festival de la cheesecake de Grana Padano\u2019 durante todo el mes de mayo - Grana Padano\",\"isPartOf\":{\"@id\":\"https:\\\/\\\/www.granapadano.it\\\/es\\\/#website\"},\"primaryImageOfPage\":{\"@id\":\"https:\\\/\\\/www.granapadano.it\\\/es\\\/el-mundo-de-grana-padano\\\/eventos\\\/madrid-acoge-el-primer-festival-de-la-cheesecake-de-grana-padano-durante-todo-el-mes-de-mayo#primaryimage\"},\"image\":{\"@id\":\"https:\\\/\\\/www.granapadano.it\\\/es\\\/el-mundo-de-grana-padano\\\/eventos\\\/madrid-acoge-el-primer-festival-de-la-cheesecake-de-grana-padano-durante-todo-el-mes-de-mayo#primaryimage\"},\"thumbnailUrl\":\"https:\\\/\\\/granapadano.kleecks-cdn.com\\\/wp-content\\\/uploads\\\/2023\\\/03\\\/thumb-3.jpg\",\"datePublished\":\"2023-03-05T17:22:07+00:00\",\"dateModified\":\"2026-03-11T17:13:18+00:00\",\"breadcrumb\":{\"@id\":\"https:\\\/\\\/www.granapadano.it\\\/es\\\/el-mundo-de-grana-padano\\\/eventos\\\/madrid-acoge-el-primer-festival-de-la-cheesecake-de-grana-padano-durante-todo-el-mes-de-mayo#breadcrumb\"},\"inLanguage\":\"es\",\"potentialAction\":[{\"@type\":\"ReadAction\",\"target\":[\"https:\\\/\\\/www.granapadano.it\\\/es\\\/el-mundo-de-grana-padano\\\/eventos\\\/madrid-acoge-el-primer-festival-de-la-cheesecake-de-grana-padano-durante-todo-el-mes-de-mayo\\\/\"]}]},{\"@type\":\"ImageObject\",\"inLanguage\":\"es\",\"@id\":\"https:\\\/\\\/www.granapadano.it\\\/es\\\/el-mundo-de-grana-padano\\\/eventos\\\/madrid-acoge-el-primer-festival-de-la-cheesecake-de-grana-padano-durante-todo-el-mes-de-mayo#primaryimage\",\"url\":\"https:\\\/\\\/granapadano.kleecks-cdn.com\\\/wp-content\\\/uploads\\\/2023\\\/03\\\/thumb-3.jpg\",\"contentUrl\":\"https:\\\/\\\/granapadano.kleecks-cdn.com\\\/wp-content\\\/uploads\\\/2023\\\/03\\\/thumb-3.jpg\",\"width\":600,\"height\":306},{\"@type\":\"BreadcrumbList\",\"@id\":\"https:\\\/\\\/www.granapadano.it\\\/es\\\/el-mundo-de-grana-padano\\\/eventos\\\/madrid-acoge-el-primer-festival-de-la-cheesecake-de-grana-padano-durante-todo-el-mes-de-mayo#breadcrumb\",\"itemListElement\":[{\"@type\":\"ListItem\",\"position\":1,\"name\":\"Home\",\"item\":\"https:\\\/\\\/www.granapadano.it\\\/es\\\/\"},{\"@type\":\"ListItem\",\"position\":2,\"name\":\"Madrid acoge el primer \u2018Festival de la cheesecake de Grana Padano\u2019 durante todo el mes de mayo\"}]},{\"@type\":\"WebSite\",\"@id\":\"https:\\\/\\\/www.granapadano.it\\\/es\\\/#website\",\"url\":\"https:\\\/\\\/www.granapadano.it\\\/es\\\/\",\"name\":\"Grana Padano\",\"description\":\"\",\"potentialAction\":[{\"@type\":\"SearchAction\",\"target\":{\"@type\":\"EntryPoint\",\"urlTemplate\":\"https:\\\/\\\/www.granapadano.it\\\/es\\\/?s={search_term_string}\"},\"query-input\":{\"@type\":\"PropertyValueSpecification\",\"valueRequired\":true,\"valueName\":\"search_term_string\"}}],\"inLanguage\":\"es\"}]}<\/script>\n<!-- \/ Yoast SEO plugin. -->","yoast_head_json":{"title":"Madrid acoge el primer \u2018Festival de la cheesecake de Grana Padano\u2019 durante todo el mes de mayo - Grana Padano","robots":{"index":"index","follow":"follow","max-snippet":"max-snippet:-1","max-image-preview":"max-image-preview:large","max-video-preview":"max-video-preview:-1"},"canonical":"https:\/\/www.granapadano.it\/es\/el-mundo-de-grana-padano\/eventos\/madrid-acoge-el-primer-festival-de-la-cheesecake-de-grana-padano-durante-todo-el-mes-de-mayo\/","og_locale":"es_ES","og_type":"article","og_title":"Madrid acoge el primer \u2018Festival de la cheesecake de Grana Padano\u2019 durante todo el mes de mayo - Grana Padano","og_description":"Madrid01\/05\/2021 - 31\/05\/2021- Madrid acoge la primera edici\u00f3n del \u2018Festival de la cheesecake de Grana Padano\u2019, un homenaje a la DOP de quesos m\u00e1s consumida del mundo, de la mano de uno de los postres de la gastronom\u00eda mediterr\u00e1nea por excelencia. Cinco restaurantes de la capital \u2013 Don Giovanni, Brutal Incl\u00e1n Bar, El Perro [&hellip;]","og_url":"https:\/\/www.granapadano.it\/es\/el-mundo-de-grana-padano\/eventos\/madrid-acoge-el-primer-festival-de-la-cheesecake-de-grana-padano-durante-todo-el-mes-de-mayo\/","og_site_name":"Grana Padano","article_modified_time":"2026-03-11T17:13:18+00:00","og_image":[{"width":600,"height":306,"url":"https:\/\/granapadano.kleecks-cdn.com\/wp-content\/uploads\/2023\/03\/thumb-3.jpg","type":"image\/jpeg"}],"twitter_card":"summary_large_image","twitter_misc":{"Tiempo de lectura":"1 minuto"},"schema":{"@context":"https:\/\/schema.org","@graph":[{"@type":"WebPage","@id":"https:\/\/www.granapadano.it\/es\/el-mundo-de-grana-padano\/eventos\/madrid-acoge-el-primer-festival-de-la-cheesecake-de-grana-padano-durante-todo-el-mes-de-mayo\/","url":"https:\/\/www.granapadano.it\/es\/el-mundo-de-grana-padano\/eventos\/madrid-acoge-el-primer-festival-de-la-cheesecake-de-grana-padano-durante-todo-el-mes-de-mayo\/","name":"Madrid acoge el primer \u2018Festival de la cheesecake de Grana Padano\u2019 durante todo el mes de mayo - Grana Padano","isPartOf":{"@id":"https:\/\/www.granapadano.it\/es\/#website"},"primaryImageOfPage":{"@id":"https:\/\/www.granapadano.it\/es\/el-mundo-de-grana-padano\/eventos\/madrid-acoge-el-primer-festival-de-la-cheesecake-de-grana-padano-durante-todo-el-mes-de-mayo#primaryimage"},"image":{"@id":"https:\/\/www.granapadano.it\/es\/el-mundo-de-grana-padano\/eventos\/madrid-acoge-el-primer-festival-de-la-cheesecake-de-grana-padano-durante-todo-el-mes-de-mayo#primaryimage"},"thumbnailUrl":"https:\/\/granapadano.kleecks-cdn.com\/wp-content\/uploads\/2023\/03\/thumb-3.jpg","datePublished":"2023-03-05T17:22:07+00:00","dateModified":"2026-03-11T17:13:18+00:00","breadcrumb":{"@id":"https:\/\/www.granapadano.it\/es\/el-mundo-de-grana-padano\/eventos\/madrid-acoge-el-primer-festival-de-la-cheesecake-de-grana-padano-durante-todo-el-mes-de-mayo#breadcrumb"},"inLanguage":"es","potentialAction":[{"@type":"ReadAction","target":["https:\/\/www.granapadano.it\/es\/el-mundo-de-grana-padano\/eventos\/madrid-acoge-el-primer-festival-de-la-cheesecake-de-grana-padano-durante-todo-el-mes-de-mayo\/"]}]},{"@type":"ImageObject","inLanguage":"es","@id":"https:\/\/www.granapadano.it\/es\/el-mundo-de-grana-padano\/eventos\/madrid-acoge-el-primer-festival-de-la-cheesecake-de-grana-padano-durante-todo-el-mes-de-mayo#primaryimage","url":"https:\/\/granapadano.kleecks-cdn.com\/wp-content\/uploads\/2023\/03\/thumb-3.jpg","contentUrl":"https:\/\/granapadano.kleecks-cdn.com\/wp-content\/uploads\/2023\/03\/thumb-3.jpg","width":600,"height":306},{"@type":"BreadcrumbList","@id":"https:\/\/www.granapadano.it\/es\/el-mundo-de-grana-padano\/eventos\/madrid-acoge-el-primer-festival-de-la-cheesecake-de-grana-padano-durante-todo-el-mes-de-mayo#breadcrumb","itemListElement":[{"@type":"ListItem","position":1,"name":"Home","item":"https:\/\/www.granapadano.it\/es\/"},{"@type":"ListItem","position":2,"name":"Madrid acoge el primer \u2018Festival de la cheesecake de Grana Padano\u2019 durante todo el mes de mayo"}]},{"@type":"WebSite","@id":"https:\/\/www.granapadano.it\/es\/#website","url":"https:\/\/www.granapadano.it\/es\/","name":"Grana Padano","description":"","potentialAction":[{"@type":"SearchAction","target":{"@type":"EntryPoint","urlTemplate":"https:\/\/www.granapadano.it\/es\/?s={search_term_string}"},"query-input":{"@type":"PropertyValueSpecification","valueRequired":true,"valueName":"search_term_string"}}],"inLanguage":"es"}]}},"_links":{"self":[{"href":"https:\/\/www.granapadano.it\/es\/wp-json\/wp\/v2\/article\/59288","targetHints":{"allow":["GET"]}}],"collection":[{"href":"https:\/\/www.granapadano.it\/es\/wp-json\/wp\/v2\/article"}],"about":[{"href":"https:\/\/www.granapadano.it\/es\/wp-json\/wp\/v2\/types\/article"}],"version-history":[{"count":3,"href":"https:\/\/www.granapadano.it\/es\/wp-json\/wp\/v2\/article\/59288\/revisions"}],"predecessor-version":[{"id":114971,"href":"https:\/\/www.granapadano.it\/es\/wp-json\/wp\/v2\/article\/59288\/revisions\/114971"}],"wp:featuredmedia":[{"embeddable":true,"href":"https:\/\/www.granapadano.it\/es\/wp-json\/wp\/v2\/media\/59290"}],"wp:attachment":[{"href":"https:\/\/www.granapadano.it\/es\/wp-json\/wp\/v2\/media?parent=59288"}],"wp:term":[{"taxonomy":"article_cat","embeddable":true,"href":"https:\/\/www.granapadano.it\/es\/wp-json\/wp\/v2\/article_cat?post=59288"}],"curies":[{"name":"wp","href":"https:\/\/api.w.org\/{rel}","templated":true}]}}