{"id":132729,"date":"2025-01-07T13:26:27","date_gmt":"2025-01-07T13:26:27","guid":{"rendered":"https:\/\/www.granapadano.it\/?post_type=article#038;p=132729"},"modified":"2026-03-11T17:46:25","modified_gmt":"2026-03-11T17:46:25","slug":"madrid-fusion","status":"publish","type":"article","link":"https:\/\/www.granapadano.it\/es\/el-mundo-de-grana-padano\/ferias\/madrid-fusion\/","title":{"rendered":"Madrid Fusi\u00f3n"},"content":{"rendered":"<p>[et_pb_section fb_built=\u00bb1&#8243; fullwidth=\u00bbon\u00bb _builder_version=\u00bb4.19.5&#8243; _module_preset=\u00bbdefault\u00bb global_colors_info=\u00bb{}\u00bb][et_pb_fullwidth_code _builder_version=\u00bb4.24.3&#8243; _module_preset=\u00bbdefault\u00bb global_colors_info=\u00bb{}\u00bb][et_pb_section global_module=\"22216 \"][\/et_pb_section][\/et_pb_fullwidth_code][\/et_pb_section][et_pb_section fb_built=\u00bb1&#8243; module_class=\u00bbproduction_sub_hub_main_wrapper\u00bb _builder_version=\u00bb4.19.3&#8243; _module_preset=\u00bbdefault\u00bb custom_padding=\u00bb13px||0px|||\u00bb global_colors_info=\u00bb{}\u00bb][et_pb_row module_class=\u00bbrecipe_filter_section gp_90_row \u00bb _builder_version=\u00bb4.20.4&#8243; _module_preset=\u00bbdefault\u00bb max_width=\u00bb90%\u00bb custom_padding=\u00bb||7px|||\u00bb global_colors_info=\u00bb{}\u00bb][et_pb_column type=\u00bb4_4&#8243; _builder_version=\u00bb4.19.4&#8243; _module_preset=\u00bbdefault\u00bb global_colors_info=\u00bb{}\u00bb][et_pb_code _builder_version=\u00bb4.19.4&#8243; _module_preset=\u00bbdefault\u00bb min_height=\u00bb0px\u00bb global_colors_info=\u00bb{}\u00bb]<div class=\"breadcrumb\"><a href=\"https:\/\/www.granapadano.it\/es\/\">Inicio<\/a>  <  <\/div>[\/et_pb_code][\/et_pb_column][\/et_pb_row][\/et_pb_section][et_pb_section fb_built=\u00bb1&#8243; module_class=\u00bbgp_eventi_curiosita\u00bb _builder_version=\u00bb4.19.5&#8243; _module_preset=\u00bbdefault\u00bb background_enable_color=\u00bboff\u00bb custom_padding=\u00bb0px||1px||false|false\u00bb global_colors_info=\u00bb{}\u00bb][et_pb_row column_structure=\u00bb1_2,1_2&#8243; module_class=\u00bbgp_90_row \u00bb _builder_version=\u00bb4.20.4&#8243; _module_preset=\u00bbdefault\u00bb max_width=\u00bb90%\u00bb min_height=\u00bb120.5px\u00bb custom_padding=\u00bb||0px|||\u00bb global_colors_info=\u00bb{}\u00bb][et_pb_column type=\u00bb1_2&#8243; _builder_version=\u00bb4.19.4&#8243; _module_preset=\u00bbdefault\u00bb global_colors_info=\u00bb{}\u00bb][et_pb_post_title meta=\u00bboff\u00bb featured_image=\u00bboff\u00bb _builder_version=\u00bb4.22.2&#8243; _module_preset=\u00bbdefault\u00bb title_font=\u00bbMerriweather|700|||||||\u00bb title_text_color=\u00bb#000000&#8243; title_font_size=\u00bb44px\u00bb title_line_height=\u00bb52px\u00bb text_orientation=\u00bbcenter\u00bb custom_margin=\u00bb40px||||false|false\u00bb custom_padding=\u00bb||||false|false\u00bb title_font_size_tablet=\u00bb56px\u00bb title_font_size_phone=\u00bb36px\u00bb title_font_size_last_edited=\u00bbon|phone\u00bb title_line_height_tablet=\u00bb62px\u00bb title_line_height_phone=\u00bb42px\u00bb title_line_height_last_edited=\u00bbon|desktop\u00bb global_colors_info=\u00bb{}\u00bb][\/et_pb_post_title][\/et_pb_column][et_pb_column type=\u00bb1_2&#8243; _builder_version=\u00bb4.19.4&#8243; _module_preset=\u00bbdefault\u00bb global_colors_info=\u00bb{}\u00bb][et_pb_image src=\u00bbhttps:\/\/www.granapadano.it\/wp-content\/uploads\/2025\/01\/MF2024logo.svg\u00bb title_text=\u00bbMF2024logo\u00bb admin_label=\u00bbImage\u00bb _builder_version=\u00bb4.27.4&#8243; _module_preset=\u00bbdefault\u00bb width=\u00bb42.6%\u00bb width_tablet=\u00bb57%\u00bb width_phone=\u00bb57%\u00bb width_last_edited=\u00bbon|desktop\u00bb max_width_tablet=\u00bb\u00bb max_width_phone=\u00bb\u00bb max_width_last_edited=\u00bbon|phone\u00bb module_alignment=\u00bbcenter\u00bb custom_margin=\u00bb||||false|false\u00bb custom_padding=\u00bb20px||||false|false\u00bb global_colors_info=\u00bb{}\u00bb][\/et_pb_image][\/et_pb_column][\/et_pb_row][et_pb_row column_structure=\u00bb1_4,3_4&#8243; module_class=\u00bbarticle_dates gp_90_row \u00bb _builder_version=\u00bb4.20.4&#8243; _module_preset=\u00bbdefault\u00bb max_width=\u00bb90%\u00bb custom_padding=\u00bb2px||6px||false|false\u00bb global_colors_info=\u00bb{}\u00bb][et_pb_column type=\u00bb1_4&#8243; _builder_version=\u00bb4.19.3&#8243; _module_preset=\u00bbdefault\u00bb global_colors_info=\u00bb{}\u00bb][et_pb_text module_class=\u00bbbutton_look\u00bb _builder_version=\u00bb4.27.4&#8243; _module_preset=\u00bbdefault\u00bb text_font=\u00bbFontPadano-Bold|300|||||||\u00bb text_text_color=\u00bb#000000&#8243; text_font_size=\u00bb22px\u00bb background_color=\u00bbRGBA(255,255,255,0)\u00bb global_colors_info=\u00bb{}\u00bb]<\/p>\n<p><strong>Madrid<\/strong><\/p>\n<p>[\/et_pb_text][\/et_pb_column][et_pb_column type=\u00bb3_4&#8243; _builder_version=\u00bb4.19.4&#8243; _module_preset=\u00bbdefault\u00bb global_colors_info=\u00bb{}\u00bb][et_pb_text _builder_version=\u00bb4.27.4&#8243; _module_preset=\u00bbdefault\u00bb text_font=\u00bb|300|||||||\u00bb text_text_color=\u00bb#0f0f0f\u00bb text_font_size=\u00bb22px\u00bb text_line_height=\u00bb31px\u00bb global_colors_info=\u00bb{}\u00bb]<\/p>\n<p><strong>01\/27\/2025 &#8211; 01\/28\/2025<\/strong><\/p>\n<p>[\/et_pb_text][\/et_pb_column][\/et_pb_row][et_pb_row _builder_version=\u00bb4.21.0&#8243; _module_preset=\u00bbdefault\u00bb width=\u00bb98%\u00bb min_height=\u00bb218.7px\u00bb custom_margin=\u00bb|auto|-2px|auto||\u00bb custom_padding=\u00bb||60px||false|false\u00bb global_colors_info=\u00bb{}\u00bb][et_pb_column type=\u00bb4_4&#8243; _builder_version=\u00bb4.21.0&#8243; _module_preset=\u00bbdefault\u00bb global_colors_info=\u00bb{}\u00bb][et_pb_text _builder_version=\u00bb4.27.4&#8243; _module_preset=\u00bbdefault\u00bb text_font=\u00bbMerriweather|300|||||||\u00bb text_text_color=\u00bb#0f0f0f\u00bb text_font_size=\u00bb18px\u00bb text_line_height=\u00bb26px\u00bb header_font=\u00bbMerriweather||||||||\u00bb header_font_size=\u00bb21px\u00bb header_line_height=\u00bb27px\u00bb width=\u00bb99.9%\u00bb custom_margin=\u00bb|4px|1px|||\u00bb custom_padding=\u00bb|9px|0px|||\u00bb global_colors_info=\u00bb{}\u00bb]<\/p>\n<p>Grana Padano participa en Madrid Fusi\u00f3n, el congreso gastron\u00f3mico internacional m\u00e1s importante de Espa\u00f1a.<\/p>\n<p>Durante esta edici\u00f3n, se proponen varias iniciativas para destacar la versatilidad del producto.<\/p>\n<p>En concreto, en el espacio dedicado <strong>Pabell\u00f3n14 &#8211; Stand D25E<\/strong> el lunes 27 por la tarde se podr\u00e1n degustar los imaginativos c\u00f3cteles del reconocido bartender Cristian Hornos. El martes 28 a las 12.30 horas, el protagonista ser\u00e1 el chef estrella Jordi Cruz, que ofrecer\u00e1 una conferencia en el auditorio del espacio ferial para hablar sobre el valor a\u00f1adido del uso del Grana Padano en la alta cocina.<\/p>\n<p><a href=\"https:\/\/www.madridfusion.net\/\">MadridFusion<\/a><\/p>\n<p>[\/et_pb_text][\/et_pb_column][\/et_pb_row][\/et_pb_section]<\/p>\n","protected":false},"excerpt":{"rendered":"<p><div class=\"et_pb_section et_pb_section_1 et_pb_fullwidth_section et_section_regular\" >\n\t\t\t\t\n\t\t\t\t\n\t\t\t\t\n\t\t\t\t\n\t\t\t\t\n\t\t\t\t\n\t\t\t\t<div class=\"et_pb_module et_pb_fullwidth_image et_pb_fullwidth_image_0\">\n\t\t\t\t\n\t\t\t\t\n\t\t\t\t\n\t\t\t\t\n\t\t\t\t<img decoding=\"async\" width=\"1920\" height=\"380\" src=\"https:\/\/granapadano.kleecks-cdn.com\/wp-content\/uploads\/2023\/03\/Visore-Eventi-h-1.jpg\" alt=\"\" title=\"Visore-Eventi-m\" srcset=\"https:\/\/granapadano.kleecks-cdn.com\/wp-content\/uploads\/2023\/03\/Visore-Eventi-h-1.jpg%201920w,%20https:\/granapadano.kleecks-cdn.com\/wp-content\/uploads\/2023\/03\/Visore-Eventi-h-1-1280x253.jpg%201280w,%20https:\/granapadano.kleecks-cdn.com\/wp-content\/uploads\/2023\/03\/Visore-Eventi-h-1-980x194.jpg%20980w,%20https:\/granapadano.kleecks-cdn.com\/wp-content\/uploads\/2023\/03\/Visore-Eventi-h-1-480x95.jpg%20480w\" sizes=\"(min-width: 0px) and (max-width: 480px) 480px, (min-width: 481px) and (max-width: 980px) 980px, (min-width: 981px) and (max-width: 1280px) 1280px, (min-width: 1281px) 1920px, 100vw\" class=\"wp-image-68308\" data-et-multi-view=\"{&quot;schema&quot;:{&quot;attrs&quot;:{&quot;desktop&quot;:{&quot;src&quot;:&quot;https:\\\/\\\/www.granapadano.it\\\/wp-content\\\/uploads\\\/2023\\\/03\\\/Visore-Eventi-h-1.jpg&quot;,&quot;alt&quot;:&quot;&quot;,&quot;title&quot;:&quot;Visore-Eventi-m&quot;,&quot;class&quot;:&quot;wp-image-68308&quot;,&quot;srcset&quot;:&quot;https:\\\/\\\/www.granapadano.it\\\/wp-content\\\/uploads\\\/2023\\\/03\\\/Visore-Eventi-h-1.jpg 1920w, https:\\\/\\\/www.granapadano.it\\\/wp-content\\\/uploads\\\/2023\\\/03\\\/Visore-Eventi-h-1-1280x253.jpg 1280w, https:\\\/\\\/www.granapadano.it\\\/wp-content\\\/uploads\\\/2023\\\/03\\\/Visore-Eventi-h-1-980x194.jpg 980w, https:\\\/\\\/www.granapadano.it\\\/wp-content\\\/uploads\\\/2023\\\/03\\\/Visore-Eventi-h-1-480x95.jpg 480w&quot;,&quot;sizes&quot;:&quot;(min-width: 0px) and (max-width: 480px) 480px, (min-width: 481px) and (max-width: 980px) 980px, (min-width: 981px) and (max-width: 1280px) 1280px, (min-width: 1281px) 1920px, 100vw&quot;},&quot;phone&quot;:{&quot;src&quot;:&quot;https:\\\/\\\/www.granapadano.it\\\/wp-content\\\/uploads\\\/2023\\\/03\\\/Visore-Eventi-m-1.jpg&quot;,&quot;srcset&quot;:&quot;https:\\\/\\\/www.granapadano.it\\\/wp-content\\\/uploads\\\/2023\\\/03\\\/Visore-Eventi-m-1.jpg 450w, https:\\\/\\\/www.granapadano.it\\\/wp-content\\\/uploads\\\/2023\\\/03\\\/Visore-Eventi-m-1-300x133.jpg 300w&quot;,&quot;sizes&quot;:&quot;(max-width: 450px) 100vw, 450px&quot;}}},&quot;slug&quot;:&quot;et_pb_fullwidth_image&quot;}\" \/>\n\t\t\t\n\t\t\t<\/div>\n\t\t\t\t\n\t\t\t\t\n\t\t\t<\/div><div class=\"breadcrumb\"><a href=\"https:\/\/www.granapadano.it\/es\/\">Inicio<\/a>  <  <\/div>Madrid01\/27\/2025 &#8211; 01\/28\/2025Grana Padano participa en Madrid Fusi\u00f3n, el congreso gastron\u00f3mico internacional m\u00e1s importante de Espa\u00f1a. Durante esta edici\u00f3n, se proponen varias iniciativas para destacar la versatilidad del producto. En concreto, en el espacio dedicado Pabell\u00f3n14 &#8211; Stand D25E el lunes 27 por la tarde se podr\u00e1n degustar los imaginativos c\u00f3cteles del reconocido bartender [&hellip;]<\/p>\n","protected":false},"featured_media":132772,"parent":0,"menu_order":29,"template":"","meta":{"_acf_changed":false,"_et_pb_use_builder":"on","_et_pb_old_content":"","_et_gb_content_width":""},"article_cat":[3404],"class_list":["post-132729","article","type-article","status-publish","has-post-thumbnail","hentry"],"acf":[],"yoast_head":"<!-- This site is optimized with the Yoast SEO plugin v27.4 - https:\/\/yoast.com\/product\/yoast-seo-wordpress\/ -->\n<title>Madrid Fusi\u00f3n - Grana Padano<\/title>\n<meta name=\"robots\" content=\"index, follow, max-snippet:-1, max-image-preview:large, max-video-preview:-1\" \/>\n<link rel=\"canonical\" href=\"https:\/\/www.granapadano.it\/es\/el-mundo-de-grana-padano\/ferias\/madrid-fusion\/\" \/>\n<meta property=\"og:locale\" content=\"es_ES\" \/>\n<meta property=\"og:type\" content=\"article\" \/>\n<meta property=\"og:title\" content=\"Madrid Fusi\u00f3n - Grana Padano\" \/>\n<meta property=\"og:description\" content=\"Madrid01\/27\/2025 - 01\/28\/2025Grana Padano participa en Madrid Fusi\u00f3n, el congreso gastron\u00f3mico internacional m\u00e1s importante de Espa\u00f1a. Durante esta edici\u00f3n, se proponen varias iniciativas para destacar la versatilidad del producto. En concreto, en el espacio dedicado Pabell\u00f3n14 - Stand D25E el lunes 27 por la tarde se podr\u00e1n degustar los imaginativos c\u00f3cteles del reconocido bartender [&hellip;]\" \/>\n<meta property=\"og:url\" content=\"https:\/\/www.granapadano.it\/es\/el-mundo-de-grana-padano\/ferias\/madrid-fusion\/\" \/>\n<meta property=\"og:site_name\" content=\"Grana Padano\" \/>\n<meta property=\"article:modified_time\" content=\"2026-03-11T17:46:25+00:00\" \/>\n<meta property=\"og:image\" content=\"https:\/\/granapadano.kleecks-cdn.com\/wp-content\/uploads\/2025\/01\/Logo-Madrid-Fusion-x-sito-.jpg\" \/>\n\t<meta property=\"og:image:width\" content=\"605\" \/>\n\t<meta property=\"og:image:height\" content=\"306\" \/>\n\t<meta property=\"og:image:type\" content=\"image\/jpeg\" \/>\n<meta name=\"twitter:card\" content=\"summary_large_image\" \/>\n<meta name=\"twitter:label1\" content=\"Tiempo de lectura\" \/>\n\t<meta name=\"twitter:data1\" content=\"1 minuto\" \/>\n<script type=\"application\/ld+json\" class=\"yoast-schema-graph\">{\"@context\":\"https:\\\/\\\/schema.org\",\"@graph\":[{\"@type\":\"WebPage\",\"@id\":\"https:\\\/\\\/www.granapadano.it\\\/es\\\/el-mundo-de-grana-padano\\\/ferias\\\/madrid-fusion\\\/\",\"url\":\"https:\\\/\\\/www.granapadano.it\\\/es\\\/el-mundo-de-grana-padano\\\/ferias\\\/madrid-fusion\\\/\",\"name\":\"Madrid Fusi\u00f3n - Grana Padano\",\"isPartOf\":{\"@id\":\"https:\\\/\\\/www.granapadano.it\\\/es\\\/#website\"},\"primaryImageOfPage\":{\"@id\":\"https:\\\/\\\/www.granapadano.it\\\/es\\\/el-mundo-de-grana-padano\\\/ferias\\\/madrid-fusion#primaryimage\"},\"image\":{\"@id\":\"https:\\\/\\\/www.granapadano.it\\\/es\\\/el-mundo-de-grana-padano\\\/ferias\\\/madrid-fusion#primaryimage\"},\"thumbnailUrl\":\"https:\\\/\\\/granapadano.kleecks-cdn.com\\\/wp-content\\\/uploads\\\/2025\\\/01\\\/Logo-Madrid-Fusion-x-sito-.jpg\",\"datePublished\":\"2025-01-07T13:26:27+00:00\",\"dateModified\":\"2026-03-11T17:46:25+00:00\",\"breadcrumb\":{\"@id\":\"https:\\\/\\\/www.granapadano.it\\\/es\\\/el-mundo-de-grana-padano\\\/ferias\\\/madrid-fusion#breadcrumb\"},\"inLanguage\":\"es\",\"potentialAction\":[{\"@type\":\"ReadAction\",\"target\":[\"https:\\\/\\\/www.granapadano.it\\\/es\\\/el-mundo-de-grana-padano\\\/ferias\\\/madrid-fusion\\\/\"]}]},{\"@type\":\"ImageObject\",\"inLanguage\":\"es\",\"@id\":\"https:\\\/\\\/www.granapadano.it\\\/es\\\/el-mundo-de-grana-padano\\\/ferias\\\/madrid-fusion#primaryimage\",\"url\":\"https:\\\/\\\/granapadano.kleecks-cdn.com\\\/wp-content\\\/uploads\\\/2025\\\/01\\\/Logo-Madrid-Fusion-x-sito-.jpg\",\"contentUrl\":\"https:\\\/\\\/granapadano.kleecks-cdn.com\\\/wp-content\\\/uploads\\\/2025\\\/01\\\/Logo-Madrid-Fusion-x-sito-.jpg\",\"width\":605,\"height\":306},{\"@type\":\"BreadcrumbList\",\"@id\":\"https:\\\/\\\/www.granapadano.it\\\/es\\\/el-mundo-de-grana-padano\\\/ferias\\\/madrid-fusion#breadcrumb\",\"itemListElement\":[{\"@type\":\"ListItem\",\"position\":1,\"name\":\"Home\",\"item\":\"https:\\\/\\\/www.granapadano.it\\\/es\\\/\"},{\"@type\":\"ListItem\",\"position\":2,\"name\":\"Madrid Fusi\u00f3n\"}]},{\"@type\":\"WebSite\",\"@id\":\"https:\\\/\\\/www.granapadano.it\\\/es\\\/#website\",\"url\":\"https:\\\/\\\/www.granapadano.it\\\/es\\\/\",\"name\":\"Grana Padano\",\"description\":\"\",\"potentialAction\":[{\"@type\":\"SearchAction\",\"target\":{\"@type\":\"EntryPoint\",\"urlTemplate\":\"https:\\\/\\\/www.granapadano.it\\\/es\\\/?s={search_term_string}\"},\"query-input\":{\"@type\":\"PropertyValueSpecification\",\"valueRequired\":true,\"valueName\":\"search_term_string\"}}],\"inLanguage\":\"es\"}]}<\/script>\n<!-- \/ Yoast SEO plugin. -->","yoast_head_json":{"title":"Madrid Fusi\u00f3n - Grana Padano","robots":{"index":"index","follow":"follow","max-snippet":"max-snippet:-1","max-image-preview":"max-image-preview:large","max-video-preview":"max-video-preview:-1"},"canonical":"https:\/\/www.granapadano.it\/es\/el-mundo-de-grana-padano\/ferias\/madrid-fusion\/","og_locale":"es_ES","og_type":"article","og_title":"Madrid Fusi\u00f3n - Grana Padano","og_description":"Madrid01\/27\/2025 - 01\/28\/2025Grana Padano participa en Madrid Fusi\u00f3n, el congreso gastron\u00f3mico internacional m\u00e1s importante de Espa\u00f1a. Durante esta edici\u00f3n, se proponen varias iniciativas para destacar la versatilidad del producto. En concreto, en el espacio dedicado Pabell\u00f3n14 - Stand D25E el lunes 27 por la tarde se podr\u00e1n degustar los imaginativos c\u00f3cteles del reconocido bartender [&hellip;]","og_url":"https:\/\/www.granapadano.it\/es\/el-mundo-de-grana-padano\/ferias\/madrid-fusion\/","og_site_name":"Grana Padano","article_modified_time":"2026-03-11T17:46:25+00:00","og_image":[{"width":605,"height":306,"url":"https:\/\/granapadano.kleecks-cdn.com\/wp-content\/uploads\/2025\/01\/Logo-Madrid-Fusion-x-sito-.jpg","type":"image\/jpeg"}],"twitter_card":"summary_large_image","twitter_misc":{"Tiempo de lectura":"1 minuto"},"schema":{"@context":"https:\/\/schema.org","@graph":[{"@type":"WebPage","@id":"https:\/\/www.granapadano.it\/es\/el-mundo-de-grana-padano\/ferias\/madrid-fusion\/","url":"https:\/\/www.granapadano.it\/es\/el-mundo-de-grana-padano\/ferias\/madrid-fusion\/","name":"Madrid Fusi\u00f3n - Grana Padano","isPartOf":{"@id":"https:\/\/www.granapadano.it\/es\/#website"},"primaryImageOfPage":{"@id":"https:\/\/www.granapadano.it\/es\/el-mundo-de-grana-padano\/ferias\/madrid-fusion#primaryimage"},"image":{"@id":"https:\/\/www.granapadano.it\/es\/el-mundo-de-grana-padano\/ferias\/madrid-fusion#primaryimage"},"thumbnailUrl":"https:\/\/granapadano.kleecks-cdn.com\/wp-content\/uploads\/2025\/01\/Logo-Madrid-Fusion-x-sito-.jpg","datePublished":"2025-01-07T13:26:27+00:00","dateModified":"2026-03-11T17:46:25+00:00","breadcrumb":{"@id":"https:\/\/www.granapadano.it\/es\/el-mundo-de-grana-padano\/ferias\/madrid-fusion#breadcrumb"},"inLanguage":"es","potentialAction":[{"@type":"ReadAction","target":["https:\/\/www.granapadano.it\/es\/el-mundo-de-grana-padano\/ferias\/madrid-fusion\/"]}]},{"@type":"ImageObject","inLanguage":"es","@id":"https:\/\/www.granapadano.it\/es\/el-mundo-de-grana-padano\/ferias\/madrid-fusion#primaryimage","url":"https:\/\/granapadano.kleecks-cdn.com\/wp-content\/uploads\/2025\/01\/Logo-Madrid-Fusion-x-sito-.jpg","contentUrl":"https:\/\/granapadano.kleecks-cdn.com\/wp-content\/uploads\/2025\/01\/Logo-Madrid-Fusion-x-sito-.jpg","width":605,"height":306},{"@type":"BreadcrumbList","@id":"https:\/\/www.granapadano.it\/es\/el-mundo-de-grana-padano\/ferias\/madrid-fusion#breadcrumb","itemListElement":[{"@type":"ListItem","position":1,"name":"Home","item":"https:\/\/www.granapadano.it\/es\/"},{"@type":"ListItem","position":2,"name":"Madrid Fusi\u00f3n"}]},{"@type":"WebSite","@id":"https:\/\/www.granapadano.it\/es\/#website","url":"https:\/\/www.granapadano.it\/es\/","name":"Grana Padano","description":"","potentialAction":[{"@type":"SearchAction","target":{"@type":"EntryPoint","urlTemplate":"https:\/\/www.granapadano.it\/es\/?s={search_term_string}"},"query-input":{"@type":"PropertyValueSpecification","valueRequired":true,"valueName":"search_term_string"}}],"inLanguage":"es"}]}},"_links":{"self":[{"href":"https:\/\/www.granapadano.it\/es\/wp-json\/wp\/v2\/article\/132729","targetHints":{"allow":["GET"]}}],"collection":[{"href":"https:\/\/www.granapadano.it\/es\/wp-json\/wp\/v2\/article"}],"about":[{"href":"https:\/\/www.granapadano.it\/es\/wp-json\/wp\/v2\/types\/article"}],"version-history":[{"count":5,"href":"https:\/\/www.granapadano.it\/es\/wp-json\/wp\/v2\/article\/132729\/revisions"}],"predecessor-version":[{"id":132750,"href":"https:\/\/www.granapadano.it\/es\/wp-json\/wp\/v2\/article\/132729\/revisions\/132750"}],"wp:featuredmedia":[{"embeddable":true,"href":"https:\/\/www.granapadano.it\/es\/wp-json\/wp\/v2\/media\/132772"}],"wp:attachment":[{"href":"https:\/\/www.granapadano.it\/es\/wp-json\/wp\/v2\/media?parent=132729"}],"wp:term":[{"taxonomy":"article_cat","embeddable":true,"href":"https:\/\/www.granapadano.it\/es\/wp-json\/wp\/v2\/article_cat?post=132729"}],"curies":[{"name":"wp","href":"https:\/\/api.w.org\/{rel}","templated":true}]}}