{"id":79255,"date":"2023-04-02T18:25:27","date_gmt":"2023-04-02T18:25:27","guid":{"rendered":"https:\/\/www.granapadano.it\/article\/gardaland\/fun-meets-excellence\/"},"modified":"2023-04-02T19:18:09","modified_gmt":"2023-04-02T19:18:09","slug":"spas-trifft-auf-exzellenz","status":"publish","type":"article","link":"https:\/\/www.granapadano.it\/de-de\/die-welt-von-grana-padano\/taste-ambassadors\/we-collaborate-with\/gardaland\/spas-trifft-auf-exzellenz\/","title":{"rendered":"Spa\u00df trifft auf exzellenz"},"content":{"rendered":"<p>[et_pb_section fb_built=&#8221;1&#8243; fullwidth=&#8221;on&#8221; _builder_version=&#8221;4.19.5&#8243; _module_preset=&#8221;default&#8221; global_colors_info=&#8221;{}&#8221;][et_pb_fullwidth_code _builder_version=&#8221;4.19.5&#8243; _module_preset=&#8221;default&#8221; global_colors_info=&#8221;{}&#8221;][et_pb_section global_module=\"18094 \"][\/et_pb_section][\/et_pb_fullwidth_code][\/et_pb_section][et_pb_section fb_built=&#8221;1&#8243; _builder_version=&#8221;4.19.3&#8243; _module_preset=&#8221;default&#8221; min_height=&#8221;74.9px&#8221; custom_padding=&#8221;||0px||false|false&#8221; global_colors_info=&#8221;{}&#8221;][et_pb_row _builder_version=&#8221;4.19.4&#8243; _module_preset=&#8221;default&#8221; min_height=&#8221;40.8px&#8221; custom_padding=&#8221;0px||0px||false|false&#8221; global_colors_info=&#8221;{}&#8221;][et_pb_column type=&#8221;4_4&#8243; _builder_version=&#8221;4.19.4&#8243; _module_preset=&#8221;default&#8221; global_colors_info=&#8221;{}&#8221;][et_pb_code _builder_version=&#8221;4.19.4&#8243; _module_preset=&#8221;default&#8221; min_height=&#8221;0px&#8221; global_colors_info=&#8221;{}&#8221;]<div class=\"breadcrumb\"><a href=\"https:\/\/www.granapadano.it\/de-de\/\">Home<\/a>  <  <\/div>[\/et_pb_code][\/et_pb_column][\/et_pb_row][\/et_pb_section][et_pb_section fb_built=&#8221;1&#8243; _builder_version=&#8221;4.19.5&#8243; _module_preset=&#8221;default&#8221; background_enable_color=&#8221;off&#8221; custom_padding=&#8221;0px||48px||false|false&#8221; global_colors_info=&#8221;{}&#8221;][et_pb_row _builder_version=&#8221;4.20.2&#8243; _module_preset=&#8221;default&#8221; max_width=&#8221;90%&#8221; min_height=&#8221;120.5px&#8221; custom_padding=&#8221;||0px|||&#8221; global_colors_info=&#8221;{}&#8221;][et_pb_column type=&#8221;4_4&#8243; _builder_version=&#8221;4.19.4&#8243; _module_preset=&#8221;default&#8221; global_colors_info=&#8221;{}&#8221;][et_pb_post_title meta=&#8221;off&#8221; featured_image=&#8221;off&#8221; _builder_version=&#8221;4.20.2&#8243; _module_preset=&#8221;default&#8221; title_font=&#8221;Merriweather|700|||||||&#8221; title_text_color=&#8221;#000000&#8243; title_font_size=&#8221;56px&#8221; title_line_height=&#8221;62px&#8221; text_orientation=&#8221;center&#8221; custom_padding=&#8221;||||false|false&#8221; title_font_size_tablet=&#8221;56px&#8221; title_font_size_phone=&#8221;36px&#8221; title_font_size_last_edited=&#8221;on|phone&#8221; title_line_height_tablet=&#8221;62px&#8221; title_line_height_phone=&#8221;42px&#8221; title_line_height_last_edited=&#8221;on|desktop&#8221; global_colors_info=&#8221;{}&#8221;][\/et_pb_post_title][\/et_pb_column][\/et_pb_row][et_pb_row module_class=&#8221; article_sub_img_text_content&#8221; _builder_version=&#8221;4.20.2&#8243; _module_preset=&#8221;default&#8221; custom_padding=&#8221;||1px|||&#8221; global_colors_info=&#8221;{}&#8221;][et_pb_column type=&#8221;4_4&#8243; module_class=&#8221;article_sub_img_wrap&#8221; _builder_version=&#8221;4.20.2&#8243; _module_preset=&#8221;default&#8221; global_colors_info=&#8221;{}&#8221;][et_pb_text _builder_version=&#8221;4.20.2&#8243; _module_preset=&#8221;default&#8221; text_font=&#8221;Merriweather|300|||||||&#8221; text_text_color=&#8221;#0f0f0f&#8221; text_font_size=&#8221;21px&#8221; text_line_height=&#8221;30px&#8221; header_font=&#8221;Merriweather||||||||&#8221; header_font_size=&#8221;21px&#8221; header_line_height=&#8221;27px&#8221; width=&#8221;100%&#8221; custom_margin=&#8221;|-10px|1px||false|false&#8221; custom_padding=&#8221;|20px|0px||false|false&#8221; global_colors_info=&#8221;{}&#8221;]<\/p>\n<p><em>&#8220;Echte Produkte und gesunde Unterhaltung sind grundlegende Verb\u00fcndete f\u00fcr unser Wohlbefinden. Deshalb haben sich Grana Padano und Gardaland zusammengeschlossen, um die Bedeutung von Spa\u00df und guter Gesellschaft zu feiern. Wenn wir Solidarit\u00e4t mit dieser Synergie verbinden, dann haben wir eine Erfolgsformel gefunden, um einen konkreten und wertvollen Beitrag f\u00fcr die Gemeinschaft zu leisten. &#8220;<\/em><\/p>\n<p>Mit diesen Worten pr\u00e4sentierte Stefano Berni, General Manager des Grana Padano Konsortium, zusammen mit Aldo Maria Vigevani, CEO vom Gardaland, die neue Partnerschaft zwischen zwei italienischen Spitzenprodukten: Grana Padano, dem weltweit meistverkauftesten K\u00e4se mit gU, und Gardaland, der Nummer eins der Vergn\u00fcgungsparks in Italien.<\/p>\n<p>Die Veranstaltung wurde von den Kindern einer der drei psychoedukativen Wohngemeinschaften der CAF Onlus Association of Milan besucht, mit denen die Francesca Rava Foundation im Rahmen des Programms &#8220;Wir sind nicht gleichg\u00fcltig, wir machen den Unterschied&#8221; zusammenarbeitet und Gesundheit und Bildung unterst\u00fctzt. So bot das Konsortium und Gardaland einen Tag voller Spa\u00df f\u00fcr die Kinder.<\/p>\n<p>Der Tag, an dem auch Journalisten anwesend waren, begann mit der Begr\u00fc\u00dfung der Leiter beider Unternehmen und wurde daraufhin im gr\u00fcnen und entspannten Hawaii-Teil des Parks mit der Herstellung von K\u00e4se und der Brandzeichnung eines K\u00e4selaibs fortgesetzt, welche vom Konsortium pr\u00e4sentiert wurde. Am Ende wurde allen ein frisches Mittagessen serviert.<\/p>\n<p><em>&#8220;Ab heute &#8211; so fuhr Herr Berni fort \u2013 beginnt eine Zeit in der Grana Padano eine Welt in Restaurants betritt, wo kein Platz f\u00fcr allt\u00e4gliche Probleme und Belastungen besteht und es jedem erm\u00f6glicht wird, seine Freizeit in einem einladenden, unterhaltsamen und entspannenden Raum zu verbringen. Aufmerksamkeit f\u00fcr die Bed\u00fcrfnisse der Menschen war schon immer Teil unserer Philosophie und mit dieser Zusammenarbeit m\u00f6chten wir noch einmal betonen, wie wichtig es ist, dem Verbraucher ein gutes, sicheres und zertifiziertes Produkt zu garantieren. Dies ist nur durch eine Lieferkette, die sich durch st\u00e4ndige Kontrollen und vollst\u00e4ndige R\u00fcckverfolgbarkeit auszeichnet m\u00f6glich, wodurch der Verbraucher mehr und mehr darauf aufmerksam gemacht wird, was er im Restaurant, aber auch in den Regalen eines Supermarkts w\u00e4hlt. Initiativen wie diese tragen dazu bei, diese Kultur zu verbreiten, die Wohlbefinden und Qualit\u00e4t f\u00f6rdert. &#8220;<\/em><\/p>\n<p><em>\u201eUnsere Mission ist es, unseren Besuchern ein unvergessliches Erlebnis zu bieten\u201c, f\u00fcgte Herr Vigevani hinzu, \u201ewir sorgen jeden Tag daf\u00fcr, dass unsere G\u00e4ste mit Familie und Freunden einen Tag voller Spa\u00df verbringen k\u00f6nnen. Dies geschieht offenkundig dank der vielen Angeboten, die Gardaland bietet: von Attraktionen perfekt zugeschnitten auf jegliche Bed\u00fcrfnisse, \u00fcber spektakul\u00e4re Shows bis hin zu den Vorschl\u00e4gen unserer Restaurants. Genau in diesem Bereich ist die Vereinigung mit Grana Padano wirklich wertvoll, denn es ist eine Partnerschaft, die sich der Exzellenz verschrieben hat. &#8220;<\/em><\/p>\n<p>W\u00e4hrend der gesamten Saison 2019 wird Grana Padano im Gardaland nicht nur auf der Speisekarte der f\u00fcnf Restaurants des Parks &#8211; Trattoria di Capitan Hook, Locanda del Corsaro, Aladino Restaurant, Gardaland Adventure Hotel und Gardaland Hotel &#8211; vertreten sein, sondern auch durch spezielles Informationsmaterial f\u00fcr Kinder, das auf spielerische Weise die Vorz\u00fcge eines gesunden Wohlbefindens erkl\u00e4rt. Der Claim &#8220;Fun meets Excellence&#8221; wird an der beleuchteten Wand am Eingang, auf den Werbetafeln im Park und in Audiobotschaften sichtbar, die vor und nach den Shows im Gardalandtheater und auf der Piazza Ramses ver\u00f6ffentlicht werden.<\/p>\n<p>Das <strong>Grana Padano Konsortium<\/strong> wurde 1954 gegr\u00fcndet, um alle Produzenten, Affineure und H\u00e4ndler des heute weltweit meistverkauften gU-K\u00e4ses zusammenzubringen. 128 Molkereien, 149 Affineuren und 205 autorisierte Unternehmen sind Mitglieder des Konsortiums. Das Konsortium hat seinen Sitz in San Martino della Battaglia (Desenzano del Garda, Brescia) im Herzen des Erzeugungsgebiets f\u00fcr gU-K\u00e4se: der Po-Ebene in Norditalien. Im Jahr 2018 wurden 4.932.996 K\u00e4ser\u00e4der mit einer Brandmarke versehen und 3.857 Betriebe lieferten 2.638.180.607 Tonnen Milch (\u00fcber 22% der nationalen Quote) an die produzierenden Molkereien. 40% der Produktion von Grana Padano (1.938.328 R\u00e4der mit durchschnittlich 37 kg) wurden ins Ausland exportiert.<br \/>F\u00fcr weitere Informationen:<a href=\"https:\/\/www.granapadano.it\/\" target=\"_blank\" rel=\"noopener\">www.granapadano.it<\/a><\/p>\n<p>Das<strong> Gardaland Resort<\/strong> geh\u00f6rt zu MERLIN ENTERTAINMENTS plc, einem f\u00fchrenden Unternehmen f\u00fcr Familienunterhaltung. Merlin ist die Nummer 1 in Europa und weltweit der Anbieter mit den zweitgr\u00f6\u00dften Besucherzahlen. Das Unternehmen ist in \u00fcber 130 Vergn\u00fcgungsparks, 19 Hotels und 6 Feriend\u00f6rfern in 25 L\u00e4ndern auf 4 Kontinenten vertreten. Die Gruppe m\u00f6chte ihren mehr als 67 Millionen Besuchern auf der ganzen Welt unvergessliche Erlebnisse bringen, allein durch die legend\u00e4ren Marken &#8211; lokal und international \u2013 und das Engagement und Leidenschaft ihrer rund 28.000 Mitarbeiter (Hochsaison).<br \/>F\u00fcr weitere Informationen: <a href=\"http:\/\/www.merlinentertainments.biz\" target=\"_blank\" rel=\"noopener\">www.merlinentertainments.biz<\/a><\/p>\n<p>Die <strong>Francesca Rava Foundation<\/strong> &#8211; NPH Italia hilft Kindern in Italien und der ganzen Welt, die unter schwierigen Bedingungen leben. In Italien hilft sie Kindern, die in Pflegeheimen leben bei Schul- und Gesundheitsprojekten. Sie organisiert Ausfl\u00fcge und Aufenthalte in freundlichen Vergn\u00fcgungsparks, damit die Kinder ein paar Urlaubstage verbringen k\u00f6nnen und spendet Medikamente und Kinderprodukte, die mit dem Programm &#8220;Apotheke f\u00fcr Kinder&#8221; gesammelt werden.<br \/>F\u00fcr weitere Informationen: <a href=\"http:\/\/www.fondazionefrancescarava.org\" target=\"_blank\" rel=\"noopener\">www.fondazionefrancescarava.org<\/a><\/p>\n<p>[\/et_pb_text][\/et_pb_column][\/et_pb_row][\/et_pb_section]<\/p>\n","protected":false},"excerpt":{"rendered":"<p><div class=\"et_pb_section et_pb_section_0 et_section_regular\" >\n\t\t\t\t\n\t\t\t\t\n\t\t\t\t\n\t\t\t\t\n\t\t\t\t\n\t\t\t\t\n\t\t\t\t\n\t\t\t\t\n\t\t\t\t\n\t\t\t<\/div><div class=\"breadcrumb\"><a href=\"https:\/\/www.granapadano.it\/de-de\/\">Home<\/a>  <  <\/div>&#8220;Echte Produkte und gesunde Unterhaltung sind grundlegende Verb\u00fcndete f\u00fcr unser Wohlbefinden. Deshalb haben sich Grana Padano und Gardaland zusammengeschlossen, um die Bedeutung von Spa\u00df und guter Gesellschaft zu feiern. Wenn wir Solidarit\u00e4t mit dieser Synergie verbinden, dann haben wir eine Erfolgsformel gefunden, um einen konkreten und wertvollen Beitrag f\u00fcr die Gemeinschaft zu leisten. &#8221; [&hellip;]<\/p>\n","protected":false},"featured_media":18120,"parent":79244,"menu_order":457,"template":"","meta":{"_acf_changed":false,"_et_pb_use_builder":"on","_et_pb_old_content":"","_et_gb_content_width":""},"article_cat":[2732],"class_list":["post-79255","article","type-article","status-publish","has-post-thumbnail","hentry"],"acf":[],"yoast_head":"<!-- This site is optimized with the Yoast SEO plugin v27.4 - https:\/\/yoast.com\/product\/yoast-seo-wordpress\/ -->\n<title>Spa\u00df trifft auf exzellenz - Grana Padano<\/title>\n<meta name=\"robots\" content=\"index, follow, max-snippet:-1, max-image-preview:large, max-video-preview:-1\" \/>\n<link rel=\"canonical\" href=\"https:\/\/www.granapadano.it\/de-de\/die-welt-von-grana-padano\/taste-ambassadors\/we-collaborate-with\/gardaland\/spas-trifft-auf-exzellenz\/\" \/>\n<meta property=\"og:locale\" content=\"de_DE\" \/>\n<meta property=\"og:type\" content=\"article\" \/>\n<meta property=\"og:title\" content=\"Spa\u00df trifft auf exzellenz - Grana Padano\" \/>\n<meta property=\"og:description\" content=\"&quot;Echte Produkte und gesunde Unterhaltung sind grundlegende Verb\u00fcndete f\u00fcr unser Wohlbefinden. Deshalb haben sich Grana Padano und Gardaland zusammengeschlossen, um die Bedeutung von Spa\u00df und guter Gesellschaft zu feiern. Wenn wir Solidarit\u00e4t mit dieser Synergie verbinden, dann haben wir eine Erfolgsformel gefunden, um einen konkreten und wertvollen Beitrag f\u00fcr die Gemeinschaft zu leisten. &quot; [&hellip;]\" \/>\n<meta property=\"og:url\" content=\"https:\/\/www.granapadano.it\/de-de\/die-welt-von-grana-padano\/taste-ambassadors\/we-collaborate-with\/gardaland\/spas-trifft-auf-exzellenz\/\" \/>\n<meta property=\"og:site_name\" content=\"Grana Padano\" \/>\n<meta property=\"article:modified_time\" content=\"2023-04-02T19:18:09+00:00\" \/>\n<meta property=\"og:image\" content=\"https:\/\/granapadano.kleecks-cdn.com\/wp-content\/uploads\/2023\/02\/thumb-2.jpg\" \/>\n\t<meta property=\"og:image:width\" content=\"600\" \/>\n\t<meta property=\"og:image:height\" content=\"450\" \/>\n\t<meta property=\"og:image:type\" content=\"image\/jpeg\" \/>\n<meta name=\"twitter:card\" content=\"summary_large_image\" \/>\n<meta name=\"twitter:label1\" content=\"Est. reading time\" \/>\n\t<meta name=\"twitter:data1\" content=\"6 minutes\" \/>\n<script type=\"application\/ld+json\" class=\"yoast-schema-graph\">{\"@context\":\"https:\\\/\\\/schema.org\",\"@graph\":[{\"@type\":\"WebPage\",\"@id\":\"https:\\\/\\\/www.granapadano.it\\\/de-de\\\/die-welt-von-grana-padano\\\/taste-ambassadors\\\/we-collaborate-with\\\/gardaland\\\/spas-trifft-auf-exzellenz\\\/\",\"url\":\"https:\\\/\\\/www.granapadano.it\\\/de-de\\\/die-welt-von-grana-padano\\\/taste-ambassadors\\\/we-collaborate-with\\\/gardaland\\\/spas-trifft-auf-exzellenz\\\/\",\"name\":\"Spa\u00df trifft auf exzellenz - Grana Padano\",\"isPartOf\":{\"@id\":\"https:\\\/\\\/www.granapadano.it\\\/de-de\\\/#website\"},\"primaryImageOfPage\":{\"@id\":\"https:\\\/\\\/www.granapadano.it\\\/de-de\\\/die-welt-von-grana-padano\\\/taste-ambassadors\\\/we-collaborate-with\\\/gardaland\\\/spas-trifft-auf-exzellenz\\\/#primaryimage\"},\"image\":{\"@id\":\"https:\\\/\\\/www.granapadano.it\\\/de-de\\\/die-welt-von-grana-padano\\\/taste-ambassadors\\\/we-collaborate-with\\\/gardaland\\\/spas-trifft-auf-exzellenz\\\/#primaryimage\"},\"thumbnailUrl\":\"https:\\\/\\\/granapadano.kleecks-cdn.com\\\/wp-content\\\/uploads\\\/2023\\\/02\\\/thumb-2.jpg\",\"datePublished\":\"2023-04-02T18:25:27+00:00\",\"dateModified\":\"2023-04-02T19:18:09+00:00\",\"breadcrumb\":{\"@id\":\"https:\\\/\\\/www.granapadano.it\\\/de-de\\\/die-welt-von-grana-padano\\\/taste-ambassadors\\\/we-collaborate-with\\\/gardaland\\\/spas-trifft-auf-exzellenz\\\/#breadcrumb\"},\"inLanguage\":\"de-de\",\"potentialAction\":[{\"@type\":\"ReadAction\",\"target\":[\"https:\\\/\\\/www.granapadano.it\\\/de-de\\\/die-welt-von-grana-padano\\\/taste-ambassadors\\\/we-collaborate-with\\\/gardaland\\\/spas-trifft-auf-exzellenz\\\/\"]}]},{\"@type\":\"ImageObject\",\"inLanguage\":\"de-de\",\"@id\":\"https:\\\/\\\/www.granapadano.it\\\/de-de\\\/die-welt-von-grana-padano\\\/taste-ambassadors\\\/we-collaborate-with\\\/gardaland\\\/spas-trifft-auf-exzellenz\\\/#primaryimage\",\"url\":\"https:\\\/\\\/granapadano.kleecks-cdn.com\\\/wp-content\\\/uploads\\\/2023\\\/02\\\/thumb-2.jpg\",\"contentUrl\":\"https:\\\/\\\/granapadano.kleecks-cdn.com\\\/wp-content\\\/uploads\\\/2023\\\/02\\\/thumb-2.jpg\",\"width\":600,\"height\":450},{\"@type\":\"BreadcrumbList\",\"@id\":\"https:\\\/\\\/www.granapadano.it\\\/de-de\\\/die-welt-von-grana-padano\\\/taste-ambassadors\\\/we-collaborate-with\\\/gardaland\\\/spas-trifft-auf-exzellenz\\\/#breadcrumb\",\"itemListElement\":[{\"@type\":\"ListItem\",\"position\":1,\"name\":\"Home\",\"item\":\"https:\\\/\\\/www.granapadano.it\\\/de-de\\\/\"},{\"@type\":\"ListItem\",\"position\":2,\"name\":\"Gardaland\",\"item\":\"https:\\\/\\\/www.granapadano.it\\\/de-de\\\/die-welt-von-grana-padano\\\/partnerschaften-und-sponsoring\\\/gardaland\\\/\"},{\"@type\":\"ListItem\",\"position\":3,\"name\":\"Spa\u00df trifft auf exzellenz\"}]},{\"@type\":\"WebSite\",\"@id\":\"https:\\\/\\\/www.granapadano.it\\\/de-de\\\/#website\",\"url\":\"https:\\\/\\\/www.granapadano.it\\\/de-de\\\/\",\"name\":\"Grana Padano\",\"description\":\"\",\"potentialAction\":[{\"@type\":\"SearchAction\",\"target\":{\"@type\":\"EntryPoint\",\"urlTemplate\":\"https:\\\/\\\/www.granapadano.it\\\/de-de\\\/?s={search_term_string}\"},\"query-input\":{\"@type\":\"PropertyValueSpecification\",\"valueRequired\":true,\"valueName\":\"search_term_string\"}}],\"inLanguage\":\"de-de\"}]}<\/script>\n<!-- \/ Yoast SEO plugin. -->","yoast_head_json":{"title":"Spa\u00df trifft auf exzellenz - Grana Padano","robots":{"index":"index","follow":"follow","max-snippet":"max-snippet:-1","max-image-preview":"max-image-preview:large","max-video-preview":"max-video-preview:-1"},"canonical":"https:\/\/www.granapadano.it\/de-de\/die-welt-von-grana-padano\/taste-ambassadors\/we-collaborate-with\/gardaland\/spas-trifft-auf-exzellenz\/","og_locale":"de_DE","og_type":"article","og_title":"Spa\u00df trifft auf exzellenz - Grana Padano","og_description":"\"Echte Produkte und gesunde Unterhaltung sind grundlegende Verb\u00fcndete f\u00fcr unser Wohlbefinden. Deshalb haben sich Grana Padano und Gardaland zusammengeschlossen, um die Bedeutung von Spa\u00df und guter Gesellschaft zu feiern. Wenn wir Solidarit\u00e4t mit dieser Synergie verbinden, dann haben wir eine Erfolgsformel gefunden, um einen konkreten und wertvollen Beitrag f\u00fcr die Gemeinschaft zu leisten. \" [&hellip;]","og_url":"https:\/\/www.granapadano.it\/de-de\/die-welt-von-grana-padano\/taste-ambassadors\/we-collaborate-with\/gardaland\/spas-trifft-auf-exzellenz\/","og_site_name":"Grana Padano","article_modified_time":"2023-04-02T19:18:09+00:00","og_image":[{"width":600,"height":450,"url":"https:\/\/granapadano.kleecks-cdn.com\/wp-content\/uploads\/2023\/02\/thumb-2.jpg","type":"image\/jpeg"}],"twitter_card":"summary_large_image","twitter_misc":{"Est. reading time":"6 minutes"},"schema":{"@context":"https:\/\/schema.org","@graph":[{"@type":"WebPage","@id":"https:\/\/www.granapadano.it\/de-de\/die-welt-von-grana-padano\/taste-ambassadors\/we-collaborate-with\/gardaland\/spas-trifft-auf-exzellenz\/","url":"https:\/\/www.granapadano.it\/de-de\/die-welt-von-grana-padano\/taste-ambassadors\/we-collaborate-with\/gardaland\/spas-trifft-auf-exzellenz\/","name":"Spa\u00df trifft auf exzellenz - Grana Padano","isPartOf":{"@id":"https:\/\/www.granapadano.it\/de-de\/#website"},"primaryImageOfPage":{"@id":"https:\/\/www.granapadano.it\/de-de\/die-welt-von-grana-padano\/taste-ambassadors\/we-collaborate-with\/gardaland\/spas-trifft-auf-exzellenz\/#primaryimage"},"image":{"@id":"https:\/\/www.granapadano.it\/de-de\/die-welt-von-grana-padano\/taste-ambassadors\/we-collaborate-with\/gardaland\/spas-trifft-auf-exzellenz\/#primaryimage"},"thumbnailUrl":"https:\/\/granapadano.kleecks-cdn.com\/wp-content\/uploads\/2023\/02\/thumb-2.jpg","datePublished":"2023-04-02T18:25:27+00:00","dateModified":"2023-04-02T19:18:09+00:00","breadcrumb":{"@id":"https:\/\/www.granapadano.it\/de-de\/die-welt-von-grana-padano\/taste-ambassadors\/we-collaborate-with\/gardaland\/spas-trifft-auf-exzellenz\/#breadcrumb"},"inLanguage":"de-de","potentialAction":[{"@type":"ReadAction","target":["https:\/\/www.granapadano.it\/de-de\/die-welt-von-grana-padano\/taste-ambassadors\/we-collaborate-with\/gardaland\/spas-trifft-auf-exzellenz\/"]}]},{"@type":"ImageObject","inLanguage":"de-de","@id":"https:\/\/www.granapadano.it\/de-de\/die-welt-von-grana-padano\/taste-ambassadors\/we-collaborate-with\/gardaland\/spas-trifft-auf-exzellenz\/#primaryimage","url":"https:\/\/granapadano.kleecks-cdn.com\/wp-content\/uploads\/2023\/02\/thumb-2.jpg","contentUrl":"https:\/\/granapadano.kleecks-cdn.com\/wp-content\/uploads\/2023\/02\/thumb-2.jpg","width":600,"height":450},{"@type":"BreadcrumbList","@id":"https:\/\/www.granapadano.it\/de-de\/die-welt-von-grana-padano\/taste-ambassadors\/we-collaborate-with\/gardaland\/spas-trifft-auf-exzellenz\/#breadcrumb","itemListElement":[{"@type":"ListItem","position":1,"name":"Home","item":"https:\/\/www.granapadano.it\/de-de\/"},{"@type":"ListItem","position":2,"name":"Gardaland","item":"https:\/\/www.granapadano.it\/de-de\/die-welt-von-grana-padano\/partnerschaften-und-sponsoring\/gardaland\/"},{"@type":"ListItem","position":3,"name":"Spa\u00df trifft auf exzellenz"}]},{"@type":"WebSite","@id":"https:\/\/www.granapadano.it\/de-de\/#website","url":"https:\/\/www.granapadano.it\/de-de\/","name":"Grana Padano","description":"","potentialAction":[{"@type":"SearchAction","target":{"@type":"EntryPoint","urlTemplate":"https:\/\/www.granapadano.it\/de-de\/?s={search_term_string}"},"query-input":{"@type":"PropertyValueSpecification","valueRequired":true,"valueName":"search_term_string"}}],"inLanguage":"de-de"}]}},"_links":{"self":[{"href":"https:\/\/www.granapadano.it\/de-de\/wp-json\/wp\/v2\/article\/79255","targetHints":{"allow":["GET"]}}],"collection":[{"href":"https:\/\/www.granapadano.it\/de-de\/wp-json\/wp\/v2\/article"}],"about":[{"href":"https:\/\/www.granapadano.it\/de-de\/wp-json\/wp\/v2\/types\/article"}],"version-history":[{"count":0,"href":"https:\/\/www.granapadano.it\/de-de\/wp-json\/wp\/v2\/article\/79255\/revisions"}],"up":[{"embeddable":true,"href":"https:\/\/www.granapadano.it\/de-de\/wp-json\/wp\/v2\/article\/79244"}],"wp:featuredmedia":[{"embeddable":true,"href":"https:\/\/www.granapadano.it\/de-de\/wp-json\/wp\/v2\/media\/18120"}],"wp:attachment":[{"href":"https:\/\/www.granapadano.it\/de-de\/wp-json\/wp\/v2\/media?parent=79255"}],"wp:term":[{"taxonomy":"article_cat","embeddable":true,"href":"https:\/\/www.granapadano.it\/de-de\/wp-json\/wp\/v2\/article_cat?post=79255"}],"curies":[{"name":"wp","href":"https:\/\/api.w.org\/{rel}","templated":true}]}}